{"id":2138,"date":"2023-09-28T16:18:21","date_gmt":"2023-09-28T21:18:21","guid":{"rendered":"https:\/\/www.radiointeractivo.com.mx\/?p=2138"},"modified":"2023-09-28T16:18:22","modified_gmt":"2023-09-28T21:18:22","slug":"ofrecen-200-plazas-de-guardia-de-seguridad-federal-secretaria-del-trabajo","status":"publish","type":"post","link":"https:\/\/www.radiointeractivo.com.mx\/?p=2138","title":{"rendered":"Ofrecen 200 plazas de guardia de seguridad federal: Secretar\u00eda del Trabajo"},"content":{"rendered":"\n<p>-Reconocemos su capacidad, habilidades y valent\u00eda para dar seguridad y confianza a la poblaci\u00f3n: Olga Sosa Ru\u00edz<\/p>\n\n\n\n<p>Por: Agencias<\/p>\n\n\n\n<p>Ciudad Victoria, Tamaulipas.-La Secretar\u00eda del Trabajo y Previsi\u00f3n Social a trav\u00e9s del Servicio Nacional del Empleo, inici\u00f3 el reclutamiento de 200 plazas laborales en el servicio de Protecci\u00f3n Federal. Esta iniciativa, llevada a cabo en Ciudad Victoria, tiene como principal objetivo, vincular a los buscadores de empleo con oportunidades laborales dignas, con salarios justos y con garant\u00eda de derechos para las trabajadoras y los trabajadores.<\/p>\n\n\n\n<p>Olga Patricia Sosa Ru\u00edz, titular de la dependencia, inform\u00f3 que este esfuerzo del gobierno de Am\u00e9rico Villarreal Anaya, busca promover la incorporaci\u00f3n de las y los ciudadanos, en la Administraci\u00f3n P\u00fablica Federal y en los \u00e1mbitos legislativo y judicial.<\/p>\n\n\n\n<p>Las vacantes impulsadas en este reclutamiento, representan empleos dignos, con salarios justos y prestaciones sociales, proporcionando seguridad jur\u00eddica para los aspirantes y sus familias.<\/p>\n\n\n\n<p>&#8220;Se busca a personas \u00e9ticas, con valores y principios familiares s\u00f3lidos, dispuestas a contribuir positivamente y adherirse a la m\u00e1xima de la 4T: el pueblo cuida al pueblo&#8221;, dijo.<\/p>\n\n\n\n<p>En el evento, tambi\u00e9n participaron el subsecretario de Empleo y Previsi\u00f3n Social, Abelardo Flores Mendoza; la directora general de la Oficina del Servicio Nacional del Empleo en Tamaulipas, Beatriz Guadalupe del Toro C\u00e1zares; la reclutadora del Servicio de Protecci\u00f3n Federal, Polic\u00eda Tercera Laura Olvera Elizalde y el polic\u00eda, Jes\u00fas El\u00edas Mu\u00f1oz Montes; los presentes exhortaron a los aspirantes a mantener una conducta \u00e9tica y profesional, requisitos esenciales para ser seleccionados y as\u00ed garantizar, una mejor calidad de vida a trav\u00e9s de estas oportunidades laborales.<\/p>\n\n\n\n<p>Para finalizar, las autoridades expresaron que este reclutamiento, dirigido a personas de todas las edades, refleja el compromiso continuo de proporcionar empleo digno y estable, contribuyendo al desarrollo profesional y personal de los ciudadanos de Tamaulipas.<\/p>\n","protected":false},"excerpt":{"rendered":"<p>-Reconocemos su capacidad, habilidades y valent\u00eda para dar seguridad y confianza a la poblaci\u00f3n: Olga Sosa Ru\u00edz Por: Agencias Ciudad Victoria, Tamaulipas.-La Secretar\u00eda del Trabajo y Previsi\u00f3n Social a trav\u00e9s del Servicio Nacional del Empleo, inici\u00f3 el reclutamiento de 200 plazas laborales en el servicio de Protecci\u00f3n Federal. Esta iniciativa, llevada a cabo en Ciudad &hellip;<\/p>\n","protected":false},"author":1,"featured_media":2139,"comment_status":"open","ping_status":"open","sticky":false,"template":"","format":"standard","meta":{"footnotes":""},"categories":[39],"tags":[],"class_list":["post-2138","post","type-post","status-publish","format-standard","has-post-thumbnail","","category-tamaulipas"],"_links":{"self":[{"href":"https:\/\/www.radiointeractivo.com.mx\/index.php?rest_route=\/wp\/v2\/posts\/2138","targetHints":{"allow":["GET"]}}],"collection":[{"href":"https:\/\/www.radiointeractivo.com.mx\/index.php?rest_route=\/wp\/v2\/posts"}],"about":[{"href":"https:\/\/www.radiointeractivo.com.mx\/index.php?rest_route=\/wp\/v2\/types\/post"}],"author":[{"embeddable":true,"href":"https:\/\/www.radiointeractivo.com.mx\/index.php?rest_route=\/wp\/v2\/users\/1"}],"replies":[{"embeddable":true,"href":"https:\/\/www.radiointeractivo.com.mx\/index.php?rest_route=%2Fwp%2Fv2%2Fcomments&post=2138"}],"version-history":[{"count":1,"href":"https:\/\/www.radiointeractivo.com.mx\/index.php?rest_route=\/wp\/v2\/posts\/2138\/revisions"}],"predecessor-version":[{"id":2140,"href":"https:\/\/www.radiointeractivo.com.mx\/index.php?rest_route=\/wp\/v2\/posts\/2138\/revisions\/2140"}],"wp:featuredmedia":[{"embeddable":true,"href":"https:\/\/www.radiointeractivo.com.mx\/index.php?rest_route=\/wp\/v2\/media\/2139"}],"wp:attachment":[{"href":"https:\/\/www.radiointeractivo.com.mx\/index.php?rest_route=%2Fwp%2Fv2%2Fmedia&parent=2138"}],"wp:term":[{"taxonomy":"category","embeddable":true,"href":"https:\/\/www.radiointeractivo.com.mx\/index.php?rest_route=%2Fwp%2Fv2%2Fcategories&post=2138"},{"taxonomy":"post_tag","embeddable":true,"href":"https:\/\/www.radiointeractivo.com.mx\/index.php?rest_route=%2Fwp%2Fv2%2Ftags&post=2138"}],"curies":[{"name":"wp","href":"https:\/\/api.w.org\/{rel}","templated":true}]}}