{"id":2104,"date":"2023-09-27T18:50:19","date_gmt":"2023-09-27T23:50:19","guid":{"rendered":"https:\/\/www.radiointeractivo.com.mx\/?p=2104"},"modified":"2023-09-27T18:50:20","modified_gmt":"2023-09-27T23:50:20","slug":"clausura-fgr-dos-gasolineras-en-nuevo-laredo","status":"publish","type":"post","link":"https:\/\/www.radiointeractivo.com.mx\/?p=2104","title":{"rendered":"Clausura FGR dos gasolineras en Nuevo Laredo"},"content":{"rendered":"\n<p>-Con el apoyo de la Sedena, los dos inmuebles ya cuentan con sellos de &#8216;Asegurado&#8217;<\/p>\n\n\n\n<p>Por: Agencias<\/p>\n\n\n\n<p>Personal de la Fiscal\u00eda General de la Rep\u00fablica (FGR) coloc\u00f3 sellos de clausura en al menos dos gasolineras de Nuevo Laredo, en el marco de un operativo en el que participaron contingentes de la Secretar\u00eda de la Defensa Nacional (Sedena).<\/p>\n\n\n\n<p>Ambas gasolineras de la marca Gulf, una de ellas ubicada en la intersecci\u00f3n de Coahuila y Guerrero, as\u00ed como la localizada en el crucero de Gonz\u00e1lez y Emiliano Zapata, fueron acordonadas con cinta amarilla y al cierre de esta edici\u00f3n continuaban sin operar.<\/p>\n\n\n\n<p>El s\u00e1bado, alrededor de las 11:00 de la noche, el contingente militar arrib\u00f3 a la estaci\u00f3n de servicio de Coahuila y Guerrero, mientras un funcionario colocaba en cada una de las bombas de combustible, un sello con el logotipo de la FGR y la palabra \u201cAsegurado\u201d en letras color rojo, as\u00ed como un mensaje en el que se establec\u00eda que tales bienes \u201cse encuentran relacionados dentro de una carpeta de investigaci\u00f3n\u201d.<\/p>\n\n\n\n<p>Se busc\u00f3 la versi\u00f3n de alg\u00fan representante de las estaciones de gasolina; sin embargo, no fue posible establecer el contacto ni obtener alguna declaraci\u00f3n al respecto.<\/p>\n\n\n\n<p>En el marco del operativo, el gobierno federal anunci\u00f3 que se llevaron a cabo a nivel nacional, m\u00e1s de 304 verificaciones por parte de la Procuradur\u00eda Federal del Consumidor (Profeco), resultando en acciones diversas en las que se encontraron anomal\u00edas.<\/p>\n","protected":false},"excerpt":{"rendered":"<p>-Con el apoyo de la Sedena, los dos inmuebles ya cuentan con sellos de &#8216;Asegurado&#8217; Por: Agencias Personal de la Fiscal\u00eda General de la Rep\u00fablica (FGR) coloc\u00f3 sellos de clausura en al menos dos gasolineras de Nuevo Laredo, en el marco de un operativo en el que participaron contingentes de la Secretar\u00eda de la Defensa &hellip;<\/p>\n","protected":false},"author":1,"featured_media":2106,"comment_status":"open","ping_status":"open","sticky":false,"template":"","format":"standard","meta":{"footnotes":""},"categories":[38],"tags":[],"class_list":["post-2104","post","type-post","status-publish","format-standard","has-post-thumbnail","","category-nuevo-laredo"],"_links":{"self":[{"href":"https:\/\/www.radiointeractivo.com.mx\/index.php?rest_route=\/wp\/v2\/posts\/2104","targetHints":{"allow":["GET"]}}],"collection":[{"href":"https:\/\/www.radiointeractivo.com.mx\/index.php?rest_route=\/wp\/v2\/posts"}],"about":[{"href":"https:\/\/www.radiointeractivo.com.mx\/index.php?rest_route=\/wp\/v2\/types\/post"}],"author":[{"embeddable":true,"href":"https:\/\/www.radiointeractivo.com.mx\/index.php?rest_route=\/wp\/v2\/users\/1"}],"replies":[{"embeddable":true,"href":"https:\/\/www.radiointeractivo.com.mx\/index.php?rest_route=%2Fwp%2Fv2%2Fcomments&post=2104"}],"version-history":[{"count":1,"href":"https:\/\/www.radiointeractivo.com.mx\/index.php?rest_route=\/wp\/v2\/posts\/2104\/revisions"}],"predecessor-version":[{"id":2107,"href":"https:\/\/www.radiointeractivo.com.mx\/index.php?rest_route=\/wp\/v2\/posts\/2104\/revisions\/2107"}],"wp:featuredmedia":[{"embeddable":true,"href":"https:\/\/www.radiointeractivo.com.mx\/index.php?rest_route=\/wp\/v2\/media\/2106"}],"wp:attachment":[{"href":"https:\/\/www.radiointeractivo.com.mx\/index.php?rest_route=%2Fwp%2Fv2%2Fmedia&parent=2104"}],"wp:term":[{"taxonomy":"category","embeddable":true,"href":"https:\/\/www.radiointeractivo.com.mx\/index.php?rest_route=%2Fwp%2Fv2%2Fcategories&post=2104"},{"taxonomy":"post_tag","embeddable":true,"href":"https:\/\/www.radiointeractivo.com.mx\/index.php?rest_route=%2Fwp%2Fv2%2Ftags&post=2104"}],"curies":[{"name":"wp","href":"https:\/\/api.w.org\/{rel}","templated":true}]}}