{"id":2101,"date":"2023-09-27T18:30:51","date_gmt":"2023-09-27T23:30:51","guid":{"rendered":"https:\/\/www.radiointeractivo.com.mx\/?p=2101"},"modified":"2023-09-27T18:30:52","modified_gmt":"2023-09-27T23:30:52","slug":"preparan-iniciativa-para-crear-corporacion-de-transito-estatal","status":"publish","type":"post","link":"https:\/\/www.radiointeractivo.com.mx\/?p=2101","title":{"rendered":"Preparan iniciativa para crear corporaci\u00f3n de Tr\u00e1nsito estatal"},"content":{"rendered":"\n<p>Por: Agencias<\/p>\n\n\n\n<p>El poder ejecutivo de Tamaulipas presentar\u00e1 ante el Congreso del Estado una iniciativa para crear la Guardia Estatal de Tr\u00e1nsito, inform\u00f3 Sergio Ch\u00e1vez Garc\u00eda, secretario de Seguridad P\u00fablica.<\/p>\n\n\n\n<p>Expuso que con ello se busca aumentar la vigilancia en las carreteras del Estado y disminuir el n\u00famero de accidentes que ocurren.<\/p>\n\n\n\n<p>Ch\u00e1vez Garc\u00eda indic\u00f3 que los cadetes que egresen de la Universidad de Seguridad y Justicia de Tamaulipas formar\u00e1n parte de la nueva corporaci\u00f3n.<\/p>\n\n\n\n<p>Se\u00f1al\u00f3 que los elementos de esta nueva corporaci\u00f3n de Tr\u00e1nsito estatal estar\u00e1 facultados para portar armas, a diferencia de los elementos de tr\u00e1nsito municipal.<\/p>\n\n\n\n<p>Refiri\u00f3 que se trata de parte \u00abde las propuestas que tiene el se\u00f1or gobernador con el objetivo de tratar de disminuir los accidentes viales con un mejor control de las carreteras estatales\u201d.<\/p>\n\n\n\n<p>El funcionario estatal dijo que la nueva corporaci\u00f3n llegar\u00e1 a tener 400 elementos formados en la citada universidad.<\/p>\n\n\n\n<p>Destac\u00f3 que Tamaulipas tiene bajo su jurisdicci\u00f3n \u00abmuch\u00edsimas v\u00edas estatales, todos los caminos entre las carreteras en los municipios corresponden a v\u00edas estatales\u00bb.<\/p>\n\n\n\n<p>Ch\u00e1vez Garc\u00eda apunt\u00f3 que el proyecto ser\u00e1 presentado como una iniciativa de reforma a la Ley de Tr\u00e1nsito del Estado.<\/p>\n","protected":false},"excerpt":{"rendered":"<p>Por: Agencias El poder ejecutivo de Tamaulipas presentar\u00e1 ante el Congreso del Estado una iniciativa para crear la Guardia Estatal de Tr\u00e1nsito, inform\u00f3 Sergio Ch\u00e1vez Garc\u00eda, secretario de Seguridad P\u00fablica. Expuso que con ello se busca aumentar la vigilancia en las carreteras del Estado y disminuir el n\u00famero de accidentes que ocurren. Ch\u00e1vez Garc\u00eda indic\u00f3 &hellip;<\/p>\n","protected":false},"author":1,"featured_media":2102,"comment_status":"open","ping_status":"open","sticky":false,"template":"","format":"standard","meta":{"footnotes":""},"categories":[39],"tags":[],"class_list":["post-2101","post","type-post","status-publish","format-standard","has-post-thumbnail","","category-tamaulipas"],"_links":{"self":[{"href":"https:\/\/www.radiointeractivo.com.mx\/index.php?rest_route=\/wp\/v2\/posts\/2101","targetHints":{"allow":["GET"]}}],"collection":[{"href":"https:\/\/www.radiointeractivo.com.mx\/index.php?rest_route=\/wp\/v2\/posts"}],"about":[{"href":"https:\/\/www.radiointeractivo.com.mx\/index.php?rest_route=\/wp\/v2\/types\/post"}],"author":[{"embeddable":true,"href":"https:\/\/www.radiointeractivo.com.mx\/index.php?rest_route=\/wp\/v2\/users\/1"}],"replies":[{"embeddable":true,"href":"https:\/\/www.radiointeractivo.com.mx\/index.php?rest_route=%2Fwp%2Fv2%2Fcomments&post=2101"}],"version-history":[{"count":1,"href":"https:\/\/www.radiointeractivo.com.mx\/index.php?rest_route=\/wp\/v2\/posts\/2101\/revisions"}],"predecessor-version":[{"id":2103,"href":"https:\/\/www.radiointeractivo.com.mx\/index.php?rest_route=\/wp\/v2\/posts\/2101\/revisions\/2103"}],"wp:featuredmedia":[{"embeddable":true,"href":"https:\/\/www.radiointeractivo.com.mx\/index.php?rest_route=\/wp\/v2\/media\/2102"}],"wp:attachment":[{"href":"https:\/\/www.radiointeractivo.com.mx\/index.php?rest_route=%2Fwp%2Fv2%2Fmedia&parent=2101"}],"wp:term":[{"taxonomy":"category","embeddable":true,"href":"https:\/\/www.radiointeractivo.com.mx\/index.php?rest_route=%2Fwp%2Fv2%2Fcategories&post=2101"},{"taxonomy":"post_tag","embeddable":true,"href":"https:\/\/www.radiointeractivo.com.mx\/index.php?rest_route=%2Fwp%2Fv2%2Ftags&post=2101"}],"curies":[{"name":"wp","href":"https:\/\/api.w.org\/{rel}","templated":true}]}}