{"id":2095,"date":"2023-09-27T18:21:01","date_gmt":"2023-09-27T23:21:01","guid":{"rendered":"https:\/\/www.radiointeractivo.com.mx\/?p=2095"},"modified":"2023-09-27T18:21:02","modified_gmt":"2023-09-27T23:21:02","slug":"destaca-conalep-en-fase-regional-del-certamen-estatal-de-creatividad-e-innovacion-tecnologica-2023","status":"publish","type":"post","link":"https:\/\/www.radiointeractivo.com.mx\/?p=2095","title":{"rendered":"Destaca CONALEP en fase regional del Certamen Estatal de Creatividad e Innovaci\u00f3n Tecnol\u00f3gica 2023"},"content":{"rendered":"\n<p>Por: Agencias<\/p>\n\n\n\n<p><br>Ciudad Victoria, Tamaulipas. \u2013 El talento y la innovaci\u00f3n de las y los estudiantes de los planteles del Colegio Nacional de Educaci\u00f3n Profesional T\u00e9cnica (CONALEP) de Tamaulipas en la zona fronteriza, qued\u00f3 de manifiesto, por la destacada participaci\u00f3n que tuvieron en la fase regional del Certamen Estatal de Creatividad e Innovaci\u00f3n Tecnol\u00f3gica 2023.<\/p>\n\n\n\n<p>Los participantes no s\u00f3lo sobresalieron por sus proyectos en el certamen organizado por el Consejo Tamaulipeco de Ciencia y Tecnolog\u00eda (COTACYT), sino que tambi\u00e9n se adue\u00f1aron del podio, al obtener primeros lugares en la categor\u00eda media superior en los cert\u00e1menes regionales en los municipios de Matamoros, Reynosa y Nuevo Laredo.<\/p>\n\n\n\n<p>En Matamoros los tres primeros lugares de la competencia fueron para las y los j\u00f3venes del CONALEP, el primer lugar fue LightLink de Alexis Hern\u00e1ndez y Alejandro Galv\u00e1n, asesorados por el maestro Mario Flores Hern\u00e1ndez, el segundo lugar fue para Cindy Mart\u00ednez y Alondra Reyna con el proyecto Epikids, asesorado por Guadalupe Montellano y el tercer sitio correspondi\u00f3 a Pietronix de Sebasti\u00e1n Contreras y Emmanuel Ju\u00e1rez, bajo la asesor\u00eda del mismo profesor.<\/p>\n\n\n\n<p>En Nuevo Laredo se destacaron dos proyectos, uno de ellos la Mesa Tecnol\u00f3gica L\u00fadica, para ni\u00f1os con espectro autista, de Camila Lizeth Briones Rodr\u00edguez, Estefany Carolina R\u00edos Andrade, Monserrath Moctezuma Mart\u00ednez y Laura Lizeth \u00c1lvarez V\u00e1zquez, asesorados por la Dra. Karina Itzamara Alonso Garc\u00eda e Ing. Julio C\u00e9sar Bandilla S\u00e1nchez, quien obtuvo el primer lugar.<\/p>\n\n\n\n<p>Mientras que el segundo lugar fue para la Mochila Impermeable de Jonathan Josu\u00e9 Ruiz Morales, Edgar Ramiro Roche Mosqueda, Carlos Isa\u00edas Dom\u00ednguez Morales, Estefany P\u00e1ez Vera, David Alejandro Medina Rojas y Luis \u00c1ngel Barona Osorio, con la asesor\u00eda de la Ing. Mar\u00eda De Los \u00c1ngeles Rodr\u00edguez S\u00e1nchez.<\/p>\n\n\n\n<p>Y en Reynosa se reconoci\u00f3 con el tercer lugar el proyecto del Casco Direccional de Laura Ang\u00e9lica Mart\u00ednez Medina y Estefany Denisse Mart\u00ednez Barr\u00f3n, asesorados por el maestro Roberto Carlos Garibay Cadena.<\/p>\n\n\n\n<p>Las y los alumnos presentaron una serie de prototipos como un innovador sistema de sem\u00e1foros inteligentes, una pulsera que act\u00faa como un guardi\u00e1n para ni\u00f1os epil\u00e9pticos e incluso un sistema de alcantarillado con sensores piezoel\u00e9ctricos que aprovecha el flujo de aguas residuales y la lluvia, as\u00ed como una mochila impermeable, entre otros proyectos con los que participar\u00e1n en la etapa estatal del certamen.<\/p>\n\n\n\n<p>Fernando Arizpe Pedraza, director general del CONALEP Tamaulipas, felicit\u00f3 a los talentosos estudiantes por su destacada actuaci\u00f3n en los cert\u00e1menes regionales y destac\u00f3 la importancia de fomentar la creatividad y la tecnolog\u00eda en la educaci\u00f3n en el nivel medio superior.<\/p>\n\n\n\n<p>Adem\u00e1s se\u00f1al\u00f3 que este tipo de logros son resultado del compromiso del gobernador Am\u00e9rico Villarreal Anaya, que impulsa la formaci\u00f3n de futuros l\u00edderes tecnol\u00f3gicos, para que con estas acciones contribuyan a mejorar la calidad de vida de las y los tamaulipecos.<\/p>\n","protected":false},"excerpt":{"rendered":"<p>Por: Agencias Ciudad Victoria, Tamaulipas. \u2013 El talento y la innovaci\u00f3n de las y los estudiantes de los planteles del Colegio Nacional de Educaci\u00f3n Profesional T\u00e9cnica (CONALEP) de Tamaulipas en la zona fronteriza, qued\u00f3 de manifiesto, por la destacada participaci\u00f3n que tuvieron en la fase regional del Certamen Estatal de Creatividad e Innovaci\u00f3n Tecnol\u00f3gica 2023. &hellip;<\/p>\n","protected":false},"author":1,"featured_media":2096,"comment_status":"open","ping_status":"open","sticky":false,"template":"","format":"standard","meta":{"footnotes":""},"categories":[39],"tags":[],"class_list":["post-2095","post","type-post","status-publish","format-standard","has-post-thumbnail","","category-tamaulipas"],"_links":{"self":[{"href":"https:\/\/www.radiointeractivo.com.mx\/index.php?rest_route=\/wp\/v2\/posts\/2095","targetHints":{"allow":["GET"]}}],"collection":[{"href":"https:\/\/www.radiointeractivo.com.mx\/index.php?rest_route=\/wp\/v2\/posts"}],"about":[{"href":"https:\/\/www.radiointeractivo.com.mx\/index.php?rest_route=\/wp\/v2\/types\/post"}],"author":[{"embeddable":true,"href":"https:\/\/www.radiointeractivo.com.mx\/index.php?rest_route=\/wp\/v2\/users\/1"}],"replies":[{"embeddable":true,"href":"https:\/\/www.radiointeractivo.com.mx\/index.php?rest_route=%2Fwp%2Fv2%2Fcomments&post=2095"}],"version-history":[{"count":1,"href":"https:\/\/www.radiointeractivo.com.mx\/index.php?rest_route=\/wp\/v2\/posts\/2095\/revisions"}],"predecessor-version":[{"id":2097,"href":"https:\/\/www.radiointeractivo.com.mx\/index.php?rest_route=\/wp\/v2\/posts\/2095\/revisions\/2097"}],"wp:featuredmedia":[{"embeddable":true,"href":"https:\/\/www.radiointeractivo.com.mx\/index.php?rest_route=\/wp\/v2\/media\/2096"}],"wp:attachment":[{"href":"https:\/\/www.radiointeractivo.com.mx\/index.php?rest_route=%2Fwp%2Fv2%2Fmedia&parent=2095"}],"wp:term":[{"taxonomy":"category","embeddable":true,"href":"https:\/\/www.radiointeractivo.com.mx\/index.php?rest_route=%2Fwp%2Fv2%2Fcategories&post=2095"},{"taxonomy":"post_tag","embeddable":true,"href":"https:\/\/www.radiointeractivo.com.mx\/index.php?rest_route=%2Fwp%2Fv2%2Ftags&post=2095"}],"curies":[{"name":"wp","href":"https:\/\/api.w.org\/{rel}","templated":true}]}}