{"id":2085,"date":"2023-09-27T17:50:23","date_gmt":"2023-09-27T22:50:23","guid":{"rendered":"https:\/\/www.radiointeractivo.com.mx\/?p=2085"},"modified":"2023-09-27T17:50:24","modified_gmt":"2023-09-27T22:50:24","slug":"entrega-itabec-becas-futuro-tamaulipas-a-estudiantes-de-la-upv","status":"publish","type":"post","link":"https:\/\/www.radiointeractivo.com.mx\/?p=2085","title":{"rendered":"Entrega ITABEC \u201cBecas Futuro Tamaulipas\u201d a estudiantes de la UPV"},"content":{"rendered":"\n<p>Septiembre 27 de 2023<\/p>\n\n\n\n<p>Ciudad Victoria, Tamaulipas.\u2013 Con el prop\u00f3sito de que los j\u00f3venes tamaulipecos no abandonen sus estudios universitarios y culminen su educaci\u00f3n superior, el Gobierno del Estado, a trav\u00e9s de la Secretar\u00eda de Educaci\u00f3n de Tamaulipas, mediante el Instituto Tamaulipeco de Becas, Est\u00edmulos y Cr\u00e9ditos Educativos (ITABEC), entreg\u00f3 a estudiantes de la Universidad Polit\u00e9cnica de Victoria (UPV) apoyos correspondientes a la \u201cBecas Futuro Tamaulipas\u201d.<\/p>\n\n\n\n<p>En una ceremonia efectuada en la propia universidad, 412 alumnos y alumnas beneficiados recibieron la cantidad de 2 mil pesos, que cubren el per\u00edodo de febrero a junio de este a\u00f1o, con una inversi\u00f3n total de 824 mil pesos.<\/p>\n\n\n\n<p>El director del ITABEC, Juan Guillermo Mansur Arzola, destac\u00f3 que para el gobernador Am\u00e9rico Villarreal Anaya, la educaci\u00f3n es una prioridad, por lo que a trav\u00e9s de la secretaria de Educaci\u00f3n, a cargo de Luc\u00eda Aim\u00e9 Castillo Pastor, se trabaja para que las ni\u00f1as, ni\u00f1os y j\u00f3venes tengan las mejores herramientas educativas y puedan ser factor de transformaci\u00f3n en el estado.<\/p>\n\n\n\n<p>Destac\u00f3 que durante el a\u00f1o se entregar\u00e1n m\u00e1s de 200 millones de pesos en becas y est\u00edmulos educativos. En el caso de la \u201cBecas Futuro Tamaulipas\u201d, para el nivel superior se han otorgado 8 mil 714 becas en toda la entidad, con una inversi\u00f3n superior a los 17 millones de pesos para el primer semestre del presente a\u00f1o, proyectando incrementar el n\u00famero de beneficiarios para el ciclo de agosto a diciembre.<\/p>\n\n\n\n<p>\u201cAsegurar el derecho a la educaci\u00f3n de las ni\u00f1as, ni\u00f1os, adolescentes y j\u00f3venes para que accedan oportunamente a la escuela, es una estrategia establecida para lograr garantizar la cobertura y permanencia con equidad e inclusi\u00f3n en los diferentes tipos, niveles y modalidades del Sistema Educativo Estatal\u201d, enfatiz\u00f3.<\/p>\n\n\n\n<p>En la entrega de la \u201cBeca Futuro Tamaulipas\u201d se cont\u00f3 tambi\u00e9n con la presencia del maestro Ra\u00fal Villanueva Ni\u00f1o, secretario Administrativo y encargado de la Universidad Polit\u00e9cnica de Victoria, entre otras autoridades educativas.<\/p>\n","protected":false},"excerpt":{"rendered":"<p>Septiembre 27 de 2023 Ciudad Victoria, Tamaulipas.\u2013 Con el prop\u00f3sito de que los j\u00f3venes tamaulipecos no abandonen sus estudios universitarios y culminen su educaci\u00f3n superior, el Gobierno del Estado, a trav\u00e9s de la Secretar\u00eda de Educaci\u00f3n de Tamaulipas, mediante el Instituto Tamaulipeco de Becas, Est\u00edmulos y Cr\u00e9ditos Educativos (ITABEC), entreg\u00f3 a estudiantes de la Universidad &hellip;<\/p>\n","protected":false},"author":1,"featured_media":2086,"comment_status":"open","ping_status":"open","sticky":false,"template":"","format":"standard","meta":{"footnotes":""},"categories":[39],"tags":[],"class_list":["post-2085","post","type-post","status-publish","format-standard","has-post-thumbnail","","category-tamaulipas"],"_links":{"self":[{"href":"https:\/\/www.radiointeractivo.com.mx\/index.php?rest_route=\/wp\/v2\/posts\/2085","targetHints":{"allow":["GET"]}}],"collection":[{"href":"https:\/\/www.radiointeractivo.com.mx\/index.php?rest_route=\/wp\/v2\/posts"}],"about":[{"href":"https:\/\/www.radiointeractivo.com.mx\/index.php?rest_route=\/wp\/v2\/types\/post"}],"author":[{"embeddable":true,"href":"https:\/\/www.radiointeractivo.com.mx\/index.php?rest_route=\/wp\/v2\/users\/1"}],"replies":[{"embeddable":true,"href":"https:\/\/www.radiointeractivo.com.mx\/index.php?rest_route=%2Fwp%2Fv2%2Fcomments&post=2085"}],"version-history":[{"count":1,"href":"https:\/\/www.radiointeractivo.com.mx\/index.php?rest_route=\/wp\/v2\/posts\/2085\/revisions"}],"predecessor-version":[{"id":2087,"href":"https:\/\/www.radiointeractivo.com.mx\/index.php?rest_route=\/wp\/v2\/posts\/2085\/revisions\/2087"}],"wp:featuredmedia":[{"embeddable":true,"href":"https:\/\/www.radiointeractivo.com.mx\/index.php?rest_route=\/wp\/v2\/media\/2086"}],"wp:attachment":[{"href":"https:\/\/www.radiointeractivo.com.mx\/index.php?rest_route=%2Fwp%2Fv2%2Fmedia&parent=2085"}],"wp:term":[{"taxonomy":"category","embeddable":true,"href":"https:\/\/www.radiointeractivo.com.mx\/index.php?rest_route=%2Fwp%2Fv2%2Fcategories&post=2085"},{"taxonomy":"post_tag","embeddable":true,"href":"https:\/\/www.radiointeractivo.com.mx\/index.php?rest_route=%2Fwp%2Fv2%2Ftags&post=2085"}],"curies":[{"name":"wp","href":"https:\/\/api.w.org\/{rel}","templated":true}]}}