{"id":2071,"date":"2023-09-27T14:32:42","date_gmt":"2023-09-27T19:32:42","guid":{"rendered":"https:\/\/www.radiointeractivo.com.mx\/?p=2071"},"modified":"2023-09-27T14:32:43","modified_gmt":"2023-09-27T19:32:43","slug":"llevan-a-cabo-campana-de-vacunacion-animalen-diaz-ordaz","status":"publish","type":"post","link":"https:\/\/www.radiointeractivo.com.mx\/?p=2071","title":{"rendered":"LLEVAN A CABO CAMPA\u00d1A DE VACUNACION ANIMALEN D\u00cdAZ ORDAZ"},"content":{"rendered":"\n<p>Por: Staff | #DirazOrdaz #Tamaulipas<\/p>\n\n\n\n<p>Gustavo D\u00edaz Ordaz, Tam.- Una campa\u00f1a de vacunaci\u00f3n animal se llev\u00f3 a cabo la ma\u00f1ana de este martes en las instalaciones del Vivero, aprovechando decenas de propietarios de mascotas la campa\u00f1a gratuita para vacunaci\u00f3n contra la rabia, ro\u00f1a, pulgas y garrapatas y desparasitaci\u00f3n.<\/p>\n\n\n\n<p>La Alcaldesa Nataly Garc\u00eda D\u00edaz, destac\u00f3 la importancia de estas acciones para proteger a las mascotas y a sus mismos due\u00f1os, por lo que en coordinaci\u00f3n con el titular de la Jurisdicci\u00f3n Sanitaria IX Rogelio Olivares Villarreal y la Direcci\u00f3n de Salud Municipal, se puso en marcha esta campa\u00f1a completamente gratuita.<\/p>\n\n\n\n<p>Perros y gatos de diferentes razas fueron inoculados en esta jornada en la que particip\u00f3 el personal de la jurisdicci\u00f3n sanitaria, de salud municipal y contando con el apoyo de personal del municipio, la cual se extender\u00e1 al \u00e1rea rural en fechas pr\u00f3ximas.<\/p>\n","protected":false},"excerpt":{"rendered":"<p>Por: Staff | #DirazOrdaz #Tamaulipas Gustavo D\u00edaz Ordaz, Tam.- Una campa\u00f1a de vacunaci\u00f3n animal se llev\u00f3 a cabo la ma\u00f1ana de este martes en las instalaciones del Vivero, aprovechando decenas de propietarios de mascotas la campa\u00f1a gratuita para vacunaci\u00f3n contra la rabia, ro\u00f1a, pulgas y garrapatas y desparasitaci\u00f3n. La Alcaldesa Nataly Garc\u00eda D\u00edaz, destac\u00f3 la &hellip;<\/p>\n","protected":false},"author":1,"featured_media":2072,"comment_status":"open","ping_status":"open","sticky":false,"template":"","format":"standard","meta":{"footnotes":""},"categories":[39],"tags":[],"class_list":["post-2071","post","type-post","status-publish","format-standard","has-post-thumbnail","","category-tamaulipas"],"_links":{"self":[{"href":"https:\/\/www.radiointeractivo.com.mx\/index.php?rest_route=\/wp\/v2\/posts\/2071","targetHints":{"allow":["GET"]}}],"collection":[{"href":"https:\/\/www.radiointeractivo.com.mx\/index.php?rest_route=\/wp\/v2\/posts"}],"about":[{"href":"https:\/\/www.radiointeractivo.com.mx\/index.php?rest_route=\/wp\/v2\/types\/post"}],"author":[{"embeddable":true,"href":"https:\/\/www.radiointeractivo.com.mx\/index.php?rest_route=\/wp\/v2\/users\/1"}],"replies":[{"embeddable":true,"href":"https:\/\/www.radiointeractivo.com.mx\/index.php?rest_route=%2Fwp%2Fv2%2Fcomments&post=2071"}],"version-history":[{"count":1,"href":"https:\/\/www.radiointeractivo.com.mx\/index.php?rest_route=\/wp\/v2\/posts\/2071\/revisions"}],"predecessor-version":[{"id":2073,"href":"https:\/\/www.radiointeractivo.com.mx\/index.php?rest_route=\/wp\/v2\/posts\/2071\/revisions\/2073"}],"wp:featuredmedia":[{"embeddable":true,"href":"https:\/\/www.radiointeractivo.com.mx\/index.php?rest_route=\/wp\/v2\/media\/2072"}],"wp:attachment":[{"href":"https:\/\/www.radiointeractivo.com.mx\/index.php?rest_route=%2Fwp%2Fv2%2Fmedia&parent=2071"}],"wp:term":[{"taxonomy":"category","embeddable":true,"href":"https:\/\/www.radiointeractivo.com.mx\/index.php?rest_route=%2Fwp%2Fv2%2Fcategories&post=2071"},{"taxonomy":"post_tag","embeddable":true,"href":"https:\/\/www.radiointeractivo.com.mx\/index.php?rest_route=%2Fwp%2Fv2%2Ftags&post=2071"}],"curies":[{"name":"wp","href":"https:\/\/api.w.org\/{rel}","templated":true}]}}