{"id":2062,"date":"2023-09-27T14:03:08","date_gmt":"2023-09-27T19:03:08","guid":{"rendered":"https:\/\/www.radiointeractivo.com.mx\/?p=2062"},"modified":"2023-09-27T14:03:09","modified_gmt":"2023-09-27T19:03:09","slug":"arranca-jornada-de-vacunacion-antirrabica-canina-y-felina-2023","status":"publish","type":"post","link":"https:\/\/www.radiointeractivo.com.mx\/?p=2062","title":{"rendered":"Arranca Jornada de Vacunaci\u00f3n Antirr\u00e1bica Canina y Felina 2023"},"content":{"rendered":"\n<p>Por: Agencias<\/p>\n\n\n\n<p>Ciudad Victoria, Tamaulipas.- Con la aplicaci\u00f3n de m\u00e1s de 300 mil dosis de vacuna y bajo el lema \u201cPor tu salud y la de tu familia, vacuna a los perros y gatos contra la rabia\u201d, arranc\u00f3 la Jornada Nacional de Vacunaci\u00f3n Antirr\u00e1bica Canina y Felina 2023 y la conmemoraci\u00f3n del D\u00eda Mundial de la Rabia.<\/p>\n\n\n\n<p>En representaci\u00f3n del secretario de Salud, Vicente Joel Hern\u00e1ndez Navarro, el subsecretario de Salud P\u00fablica, Jos\u00e9 Luis Garza Ruiz, formaliz\u00f3 el inicio de estas actividades que desde el mes de agosto, se llevan a cabo con el fin de proteger al mayor n\u00famero de este tipo de animalitos.<\/p>\n\n\n\n<p>Dijo que con el esfuerzo del personal capacitado de la instituci\u00f3n y del esfuerzo en conjunto y coordinado de dependencias participantes como Educaci\u00f3n DIF, UAT y municipios, entre otras, se lograr\u00e1 la meta marcada para proteger a las mascotas de esta enfermedad, que se ha mantenido bajo control y que desde hace casi 20 a\u00f1os que no se registra rabia en perros y gatos y casi 40 a\u00f1os sin casos de rabia en humanos.<\/p>\n\n\n\n<p>\u201cEn nuestro estado, se iniciaron los recorridos para la aplicaci\u00f3n de las dosis y proteger nuestras mascotas a trav\u00e9s de la vacunaci\u00f3n, todo esto en espera de cumplir con la meta propuesta para este a\u00f1o de 300 mil vacunas, las cuales no estaban disponibles desde hace a\u00f1os, pero hoy con el apoyo de nuestro gobernador, Am\u00e9rico Villarreal Anaya, hemos logrado la gesti\u00f3n de este biol\u00f3gico\u201d, expres\u00f3.<\/p>\n\n\n\n<p>Durante el evento, Garza Ruiz, hizo un llamado a la poblaci\u00f3n a ser \u201cdue\u00f1os responsables\u201d, que si cuentan con una mascota, ya sea perro o gato, en sus hogares, en sus colonias y\/o en sus comunidades, para que adem\u00e1s de vacunarlos contra la rabia, los mantengan libres de otras enfermedades y recomend\u00f3 controlar la sobrepoblaci\u00f3n mediante la esterilizaci\u00f3n para reducir la sobrepoblaci\u00f3n, no dejarlos a su suerte y estas jornadas tambi\u00e9n convoca a cuidarlos mejor.<\/p>\n\n\n\n<p>\u201cRecuerden que ellos, perros o gatos, no solo son mascotas, sino que tambi\u00e9n son parte importante de nuestra familia y la prevenci\u00f3n hoy y siempre es y ser\u00e1 la mejor arma que tenemos para evitarles este tipo de enfermedades, por ello los invito a que acudan a su Centro de Salud m\u00e1s cercano para que vacunen a sus mascotas, ya que este es un procedimiento sencillo, pero con resultados muy satisfactorios\u201d, destac\u00f3.<\/p>\n\n\n\n<p>El arranque de la Jornada se llev\u00f3 a cabo en las instalaciones del Centro de Salud La Mesa del Se\u00f1or de esta ciudad y se cont\u00f3 con la presencia del director de Medicina Preventiva, Jorge Gerardo Flores Arriaga; el director de la Jurisdicci\u00f3n Sanitaria No.1 de Victoria, Marggid Antonio Rodr\u00edguez Avenda\u00f1o; el director de la Facultad de Medicina Veterinaria y Zootecnia-UAT, Flaviano Benavides Gonz\u00e1lez; el director del Centro de Salud La Mesa del Se\u00f1or, Eduardo Mata Z\u00fa\u00f1iga; el jefe del Departamento de Zoonosis de la Secretar\u00eda de Salud, Alejandro Hern\u00e1ndez Mart\u00ednez y en representaci\u00f3n del presidente municipal, Guillermo Saldierna Mart\u00ednez.<\/p>\n","protected":false},"excerpt":{"rendered":"<p>Por: Agencias Ciudad Victoria, Tamaulipas.- Con la aplicaci\u00f3n de m\u00e1s de 300 mil dosis de vacuna y bajo el lema \u201cPor tu salud y la de tu familia, vacuna a los perros y gatos contra la rabia\u201d, arranc\u00f3 la Jornada Nacional de Vacunaci\u00f3n Antirr\u00e1bica Canina y Felina 2023 y la conmemoraci\u00f3n del D\u00eda Mundial de &hellip;<\/p>\n","protected":false},"author":1,"featured_media":2063,"comment_status":"open","ping_status":"open","sticky":false,"template":"","format":"standard","meta":{"footnotes":""},"categories":[39],"tags":[],"class_list":["post-2062","post","type-post","status-publish","format-standard","has-post-thumbnail","","category-tamaulipas"],"_links":{"self":[{"href":"https:\/\/www.radiointeractivo.com.mx\/index.php?rest_route=\/wp\/v2\/posts\/2062","targetHints":{"allow":["GET"]}}],"collection":[{"href":"https:\/\/www.radiointeractivo.com.mx\/index.php?rest_route=\/wp\/v2\/posts"}],"about":[{"href":"https:\/\/www.radiointeractivo.com.mx\/index.php?rest_route=\/wp\/v2\/types\/post"}],"author":[{"embeddable":true,"href":"https:\/\/www.radiointeractivo.com.mx\/index.php?rest_route=\/wp\/v2\/users\/1"}],"replies":[{"embeddable":true,"href":"https:\/\/www.radiointeractivo.com.mx\/index.php?rest_route=%2Fwp%2Fv2%2Fcomments&post=2062"}],"version-history":[{"count":1,"href":"https:\/\/www.radiointeractivo.com.mx\/index.php?rest_route=\/wp\/v2\/posts\/2062\/revisions"}],"predecessor-version":[{"id":2064,"href":"https:\/\/www.radiointeractivo.com.mx\/index.php?rest_route=\/wp\/v2\/posts\/2062\/revisions\/2064"}],"wp:featuredmedia":[{"embeddable":true,"href":"https:\/\/www.radiointeractivo.com.mx\/index.php?rest_route=\/wp\/v2\/media\/2063"}],"wp:attachment":[{"href":"https:\/\/www.radiointeractivo.com.mx\/index.php?rest_route=%2Fwp%2Fv2%2Fmedia&parent=2062"}],"wp:term":[{"taxonomy":"category","embeddable":true,"href":"https:\/\/www.radiointeractivo.com.mx\/index.php?rest_route=%2Fwp%2Fv2%2Fcategories&post=2062"},{"taxonomy":"post_tag","embeddable":true,"href":"https:\/\/www.radiointeractivo.com.mx\/index.php?rest_route=%2Fwp%2Fv2%2Ftags&post=2062"}],"curies":[{"name":"wp","href":"https:\/\/api.w.org\/{rel}","templated":true}]}}