{"id":2056,"date":"2023-09-26T18:37:30","date_gmt":"2023-09-26T23:37:30","guid":{"rendered":"https:\/\/www.radiointeractivo.com.mx\/?p=2056"},"modified":"2023-09-26T18:37:31","modified_gmt":"2023-09-26T23:37:31","slug":"exitosa-carrera-ciclista-circuito-por-la-paz","status":"publish","type":"post","link":"https:\/\/www.radiointeractivo.com.mx\/?p=2056","title":{"rendered":"Exitosa carrera ciclista \u201cCircuito por la Paz\u201d"},"content":{"rendered":"\n<p>Por: Agencias<\/p>\n\n\n\n<p>Ciudad Victoria, Tamaulipas. &#8211; Con participaci\u00f3n de m\u00e1s de 100 ciclistas de Ciudad Victoria y la regi\u00f3n, se realiz\u00f3 con \u00e9xito la carrera ciclista \u201cCircuito por la Paz\u201d en la que hubo mucha emoci\u00f3n y buena convivencia entre los participantes que se dieron cita a este evento.<\/p>\n\n\n\n<p>Tras una buena carrera realizada en los alrededores de la Unidad Deportiva Adolfo Ruiz Cortines, durante el pasado fin de semana, los ganadores de las diferentes categor\u00edas fueron: Gloria Mata quien consigui\u00f3 el primer lugar en la categor\u00eda elite femenil seguida de Miranda Zurita y Brisa Mirada.<\/p>\n\n\n\n<p>En la rama varonil elite, el campe\u00f3n fue Roberto Garc\u00eda, seguido de Antonio Camarillo y Daniel Ch\u00e1vez, quienes completaron el podio en estas principales categor\u00edas en ruta.<\/p>\n\n\n\n<p>En la modalidad de monta\u00f1a en femenil el primer lugar fue para Gloria Mata, el segundo lugar fue para Dinora Estrada y la tercera posici\u00f3n para Eirene Rodr\u00edguez; en la rama varonil se qued\u00f3 con el primer lugar Roberto Garc\u00eda de la Garza, el segundo lugar fue para Jos\u00e9 Manuel Rodr\u00edguez y el tercer puesto para Luis Alberto Banda.<\/p>\n\n\n\n<p>Asimismo, se contempl\u00f3 dentro de esta competencia las categor\u00edas infantiles, as\u00ed como juvenil en ruta y monta\u00f1a, que tambi\u00e9n se les reconoci\u00f3 a los primeros lugares.<\/p>\n\n\n\n<p>El director general del INDE Tamaulipas, Manuel Raga Navarro, estuvo presente en este evento y junto al director del \u00e1rea del Desarrollo del Deporte, Jaime Cuesta y del \u00e1rea de Alto Rendimiento, Sergio Mart\u00ednez, premiaron a los mejores atletas en las diferentes modalidades y ramas.<\/p>\n","protected":false},"excerpt":{"rendered":"<p>Por: Agencias Ciudad Victoria, Tamaulipas. &#8211; Con participaci\u00f3n de m\u00e1s de 100 ciclistas de Ciudad Victoria y la regi\u00f3n, se realiz\u00f3 con \u00e9xito la carrera ciclista \u201cCircuito por la Paz\u201d en la que hubo mucha emoci\u00f3n y buena convivencia entre los participantes que se dieron cita a este evento. Tras una buena carrera realizada en &hellip;<\/p>\n","protected":false},"author":1,"featured_media":2057,"comment_status":"open","ping_status":"open","sticky":false,"template":"","format":"standard","meta":{"footnotes":""},"categories":[39],"tags":[],"class_list":["post-2056","post","type-post","status-publish","format-standard","has-post-thumbnail","","category-tamaulipas"],"_links":{"self":[{"href":"https:\/\/www.radiointeractivo.com.mx\/index.php?rest_route=\/wp\/v2\/posts\/2056","targetHints":{"allow":["GET"]}}],"collection":[{"href":"https:\/\/www.radiointeractivo.com.mx\/index.php?rest_route=\/wp\/v2\/posts"}],"about":[{"href":"https:\/\/www.radiointeractivo.com.mx\/index.php?rest_route=\/wp\/v2\/types\/post"}],"author":[{"embeddable":true,"href":"https:\/\/www.radiointeractivo.com.mx\/index.php?rest_route=\/wp\/v2\/users\/1"}],"replies":[{"embeddable":true,"href":"https:\/\/www.radiointeractivo.com.mx\/index.php?rest_route=%2Fwp%2Fv2%2Fcomments&post=2056"}],"version-history":[{"count":1,"href":"https:\/\/www.radiointeractivo.com.mx\/index.php?rest_route=\/wp\/v2\/posts\/2056\/revisions"}],"predecessor-version":[{"id":2058,"href":"https:\/\/www.radiointeractivo.com.mx\/index.php?rest_route=\/wp\/v2\/posts\/2056\/revisions\/2058"}],"wp:featuredmedia":[{"embeddable":true,"href":"https:\/\/www.radiointeractivo.com.mx\/index.php?rest_route=\/wp\/v2\/media\/2057"}],"wp:attachment":[{"href":"https:\/\/www.radiointeractivo.com.mx\/index.php?rest_route=%2Fwp%2Fv2%2Fmedia&parent=2056"}],"wp:term":[{"taxonomy":"category","embeddable":true,"href":"https:\/\/www.radiointeractivo.com.mx\/index.php?rest_route=%2Fwp%2Fv2%2Fcategories&post=2056"},{"taxonomy":"post_tag","embeddable":true,"href":"https:\/\/www.radiointeractivo.com.mx\/index.php?rest_route=%2Fwp%2Fv2%2Ftags&post=2056"}],"curies":[{"name":"wp","href":"https:\/\/api.w.org\/{rel}","templated":true}]}}