{"id":2043,"date":"2023-09-26T18:02:50","date_gmt":"2023-09-26T23:02:50","guid":{"rendered":"https:\/\/www.radiointeractivo.com.mx\/?p=2043"},"modified":"2023-09-26T18:02:51","modified_gmt":"2023-09-26T23:02:51","slug":"visita-gobernador-exposicion-de-rio-bravo-en-punto-tamaulipas","status":"publish","type":"post","link":"https:\/\/www.radiointeractivo.com.mx\/?p=2043","title":{"rendered":"Visita gobernador exposici\u00f3n de R\u00edo Bravo en &#8220;Punto Tamaulipas&#8221;"},"content":{"rendered":"\n<p>-Anuncia que en el aeropuerto Felipe \u00c1ngeles habr\u00e1 un sitio para exponer riqueza de cada municipio tamaulipeco<\/p>\n\n\n\n<p>Por: Agencias<\/p>\n\n\n\n<p>Ciudad Victoria, Tamaulipas. &#8211; Al realizar una visita a la exposici\u00f3n del municipio de R\u00edo Bravo que se puede apreciar en \u201cPunto Tamaulipas\u201d, el gobernador Am\u00e9rico Villarreal Anaya destac\u00f3 la importancia de la integraci\u00f3n tamaulipeca y de dar a conocer las bondades de cada municipio.<\/p>\n\n\n\n<p>\u201cEstamos viendo y disfrutando de esta integraci\u00f3n de nuestra entidad, de esta integraci\u00f3n tamaulipeca; no somos un estado que debemos estar fragmentados, sino unidos y conocernos en nuestros municipios; muchas veces nos sorprendemos de las capacidades que tienen\u201d, se\u00f1al\u00f3, tras realizar el tradicional corte de list\u00f3n de esta muestra que est\u00e1 abierta al p\u00fablico.<\/p>\n\n\n\n<p>Acompa\u00f1ado del presidente municipal de R\u00edo Bravo, Joel Eduardo Y\u00e1\u00f1ez Villegas y del secretario de Turismo estatal, Benjam\u00edn Hern\u00e1ndez Rodr\u00edguez y el gobernador hizo un recorrido en este espacio situado en el edificio del Centro Cultural Tamaulipas, en el cual apreci\u00f3 la riqueza cultural, artesanal, comercial y empresarial de este municipio.<\/p>\n\n\n\n<p>TAMAULIPAS TENDR\u00c1 UN ESPACIO EN EL AEROPUERTO FELIPE \u00c1NGELES<\/p>\n\n\n\n<p>Durante su intervenci\u00f3n, el mandatario estatal anunci\u00f3 que Tamaulipas tendr\u00e1 un espacio en el Aeropuerto Internacional Felipe \u00c1ngeles, en el cual todos los municipios podr\u00e1n exponer sus atractivos tur\u00edsticos y la amplia gama que ofertan los diferentes productores de servicio y artesanos, pero tambi\u00e9n de las actividades empresariales.<\/p>\n\n\n\n<p>\u201cTodos podr\u00e1n en su momento estar exponiendo ah\u00ed, como un lugar para difundir la presencia y la cultura de este hermoso estado en el que todos vivimos y compartimos, la pujanza que tiene y el valor de su gente\u201d puntualiz\u00f3.<\/p>\n\n\n\n<p>Previo a ello, el alcalde de R\u00edo Bravo, Joel Eduardo Y\u00e1\u00f1ez agradeci\u00f3 al gobernador la iniciativa de abrir \u201cPunto Tamaulipas\u201d a los municipios.<\/p>\n\n\n\n<p>\u201cEs una excelente idea abrir este espacio para que tengamos una puerta para dar a conocer nuestras actividades culturales, art\u00edsticas, gastron\u00f3micas que se viven en nuestro municipio\u201d, expres\u00f3.<\/p>\n\n\n\n<p>Posteriormente el gobernador, acompa\u00f1ado de integrantes de su gabinete, entre ellos el secretario general de Gobierno, H\u00e9ctor Joel Villegas Gonz\u00e1lez, la secretaria de Finanzas, Adriana Lozano Rodr\u00edguez y el secretario de Obras P\u00fablicas Pedro Cepeda Anaya, hizo un recorrido por la muestra gastron\u00f3mica que se instal\u00f3 en la Plaza Ju\u00e1rez y en la cual se comparti\u00f3 con las familias tamaulipecas, una muestra de platillos t\u00edpicos, aunado a que disfrutaron de la presencia del grupo musical Los Norte\u00f1os de R\u00edo Bravo.<\/p>\n\n\n\n<p>En la exposici\u00f3n de &#8220;Punto Tamaulipas&#8221;, se pueden admirar obras de las pintoras Cecilia Uranga, Margarita Garza y Deyanira Rodr\u00edguez, quienes han tenido la oportunidad de exponer su trabajo en Estados Unidos y Europa; las artesan\u00edas de Jos\u00e9 Luis Castillo y Antonia Hern\u00e1ndez; el tequila del empresario \u00c1ngel Urcullo, entre otros productos elaborados por manos riobravenses.<\/p>\n","protected":false},"excerpt":{"rendered":"<p>-Anuncia que en el aeropuerto Felipe \u00c1ngeles habr\u00e1 un sitio para exponer riqueza de cada municipio tamaulipeco Por: Agencias Ciudad Victoria, Tamaulipas. &#8211; Al realizar una visita a la exposici\u00f3n del municipio de R\u00edo Bravo que se puede apreciar en \u201cPunto Tamaulipas\u201d, el gobernador Am\u00e9rico Villarreal Anaya destac\u00f3 la importancia de la integraci\u00f3n tamaulipeca y &hellip;<\/p>\n","protected":false},"author":1,"featured_media":2044,"comment_status":"open","ping_status":"open","sticky":false,"template":"","format":"standard","meta":{"footnotes":""},"categories":[39],"tags":[],"class_list":["post-2043","post","type-post","status-publish","format-standard","has-post-thumbnail","","category-tamaulipas"],"_links":{"self":[{"href":"https:\/\/www.radiointeractivo.com.mx\/index.php?rest_route=\/wp\/v2\/posts\/2043","targetHints":{"allow":["GET"]}}],"collection":[{"href":"https:\/\/www.radiointeractivo.com.mx\/index.php?rest_route=\/wp\/v2\/posts"}],"about":[{"href":"https:\/\/www.radiointeractivo.com.mx\/index.php?rest_route=\/wp\/v2\/types\/post"}],"author":[{"embeddable":true,"href":"https:\/\/www.radiointeractivo.com.mx\/index.php?rest_route=\/wp\/v2\/users\/1"}],"replies":[{"embeddable":true,"href":"https:\/\/www.radiointeractivo.com.mx\/index.php?rest_route=%2Fwp%2Fv2%2Fcomments&post=2043"}],"version-history":[{"count":1,"href":"https:\/\/www.radiointeractivo.com.mx\/index.php?rest_route=\/wp\/v2\/posts\/2043\/revisions"}],"predecessor-version":[{"id":2045,"href":"https:\/\/www.radiointeractivo.com.mx\/index.php?rest_route=\/wp\/v2\/posts\/2043\/revisions\/2045"}],"wp:featuredmedia":[{"embeddable":true,"href":"https:\/\/www.radiointeractivo.com.mx\/index.php?rest_route=\/wp\/v2\/media\/2044"}],"wp:attachment":[{"href":"https:\/\/www.radiointeractivo.com.mx\/index.php?rest_route=%2Fwp%2Fv2%2Fmedia&parent=2043"}],"wp:term":[{"taxonomy":"category","embeddable":true,"href":"https:\/\/www.radiointeractivo.com.mx\/index.php?rest_route=%2Fwp%2Fv2%2Fcategories&post=2043"},{"taxonomy":"post_tag","embeddable":true,"href":"https:\/\/www.radiointeractivo.com.mx\/index.php?rest_route=%2Fwp%2Fv2%2Ftags&post=2043"}],"curies":[{"name":"wp","href":"https:\/\/api.w.org\/{rel}","templated":true}]}}