{"id":2040,"date":"2023-09-26T17:53:13","date_gmt":"2023-09-26T22:53:13","guid":{"rendered":"https:\/\/www.radiointeractivo.com.mx\/?p=2040"},"modified":"2023-09-26T17:53:14","modified_gmt":"2023-09-26T22:53:14","slug":"lleva-icce-taller-de-competitividad-a-tecnologico-de-nuevo-laredo","status":"publish","type":"post","link":"https:\/\/www.radiointeractivo.com.mx\/?p=2040","title":{"rendered":"LLEVA ICCE TALLER DE COMPETITIVIDAD A TECNOL\u00d3GICO DE NUEVO LAREDO"},"content":{"rendered":"\n<p>Por: Staff | #NuevoLaredo #Tamaulipas<\/p>\n\n\n\n<p>Con gran \u00e9xito se llev\u00f3 a cabo el Cuarto Taller de Competitividad \u201cConectando Fronteras\u201d, organizado por el Instituto para la Competitividad y el Comercio Exterior (ICCE).<\/p>\n\n\n\n<p>El taller se realiz\u00f3 en las instalaciones del Instituto Tecnol\u00f3gico de Nuevo Laredo y fue impartido por Carlos Fern\u00e1ndez Mart\u00ednez, Presidente de la Asociaci\u00f3n de Transportistas de Carga NLD.<\/p>\n\n\n\n<p>Estudiantes de la instituci\u00f3n conocieron de manera detallada y a trav\u00e9s de datos estad\u00edsticos el papel esencial del transporte en el intercambio comercial entre M\u00e9xico y Estados Unidos, adem\u00e1s de c\u00f3mo \u00e9ste contribuye a que Nuevo Laredo sea considerado como l\u00edder en materia de comercio exterior y log\u00edstica.<\/p>\n","protected":false},"excerpt":{"rendered":"<p>Por: Staff | #NuevoLaredo #Tamaulipas Con gran \u00e9xito se llev\u00f3 a cabo el Cuarto Taller de Competitividad \u201cConectando Fronteras\u201d, organizado por el Instituto para la Competitividad y el Comercio Exterior (ICCE). El taller se realiz\u00f3 en las instalaciones del Instituto Tecnol\u00f3gico de Nuevo Laredo y fue impartido por Carlos Fern\u00e1ndez Mart\u00ednez, Presidente de la Asociaci\u00f3n &hellip;<\/p>\n","protected":false},"author":1,"featured_media":2041,"comment_status":"open","ping_status":"open","sticky":false,"template":"","format":"standard","meta":{"footnotes":""},"categories":[38],"tags":[],"class_list":["post-2040","post","type-post","status-publish","format-standard","has-post-thumbnail","","category-nuevo-laredo"],"_links":{"self":[{"href":"https:\/\/www.radiointeractivo.com.mx\/index.php?rest_route=\/wp\/v2\/posts\/2040","targetHints":{"allow":["GET"]}}],"collection":[{"href":"https:\/\/www.radiointeractivo.com.mx\/index.php?rest_route=\/wp\/v2\/posts"}],"about":[{"href":"https:\/\/www.radiointeractivo.com.mx\/index.php?rest_route=\/wp\/v2\/types\/post"}],"author":[{"embeddable":true,"href":"https:\/\/www.radiointeractivo.com.mx\/index.php?rest_route=\/wp\/v2\/users\/1"}],"replies":[{"embeddable":true,"href":"https:\/\/www.radiointeractivo.com.mx\/index.php?rest_route=%2Fwp%2Fv2%2Fcomments&post=2040"}],"version-history":[{"count":1,"href":"https:\/\/www.radiointeractivo.com.mx\/index.php?rest_route=\/wp\/v2\/posts\/2040\/revisions"}],"predecessor-version":[{"id":2042,"href":"https:\/\/www.radiointeractivo.com.mx\/index.php?rest_route=\/wp\/v2\/posts\/2040\/revisions\/2042"}],"wp:featuredmedia":[{"embeddable":true,"href":"https:\/\/www.radiointeractivo.com.mx\/index.php?rest_route=\/wp\/v2\/media\/2041"}],"wp:attachment":[{"href":"https:\/\/www.radiointeractivo.com.mx\/index.php?rest_route=%2Fwp%2Fv2%2Fmedia&parent=2040"}],"wp:term":[{"taxonomy":"category","embeddable":true,"href":"https:\/\/www.radiointeractivo.com.mx\/index.php?rest_route=%2Fwp%2Fv2%2Fcategories&post=2040"},{"taxonomy":"post_tag","embeddable":true,"href":"https:\/\/www.radiointeractivo.com.mx\/index.php?rest_route=%2Fwp%2Fv2%2Ftags&post=2040"}],"curies":[{"name":"wp","href":"https:\/\/api.w.org\/{rel}","templated":true}]}}