{"id":2031,"date":"2023-09-25T16:32:01","date_gmt":"2023-09-25T21:32:01","guid":{"rendered":"https:\/\/www.radiointeractivo.com.mx\/?p=2031"},"modified":"2023-09-25T16:32:02","modified_gmt":"2023-09-25T21:32:02","slug":"preside-nataly-garcia-diaz-ceremonia-de-honores-en-la-primaria-genaro-g-ruiz-en-diaz-ordaz","status":"publish","type":"post","link":"https:\/\/www.radiointeractivo.com.mx\/?p=2031","title":{"rendered":"PRESIDE NATALY GARCIA DIAZ CEREMONIA DE HONORES EN LA PRIMARIA GENARO G. RUIZ EN D\u00cdAZ ORDAZ"},"content":{"rendered":"\n<p>Por: Staff | #DiazOrdaz #Tamaulipas<\/p>\n\n\n\n<p>Gustavo D\u00edaz Ordaz, Tam.- La Alcaldesa Nataly Garc\u00eda D\u00edaz presidi\u00f3 este lunes la ceremonia de honores especiales a los s\u00edmbolos patrios, que se llev\u00f3 a cabo en la escuela primaria Genaro G. Ruiz, con la participaci\u00f3n de elementos del 25avo Regimiento de Caballer\u00eda Motorizada, funcionarios estatales y de la administraci\u00f3n municipal, supervisores escolares, directivos, maestros, personal de apoyo y del ayuntamiento, y padres de familia.<\/p>\n\n\n\n<p>Luego de cumplir el deber c\u00edvico de honrar a los s\u00edmbolos patrios, la Alcaldesa anunci\u00f3 la rehabilitaci\u00f3n de la biblioteca del plantel en conjunto con el Gobernador Dr. Am\u00e9rico Villarreal Anaya, reiterando el compromiso de brindar a los estudiantes espacios m\u00e1s seguros para que puedan desarrollarse en un ambiente sano y de convivencia.<\/p>\n\n\n\n<p>En este mismo plantel, El Gobierno Municipal 2021-2024 que preside la Alcaldesa Nataly Garc\u00eda D\u00edaz, en coordinaci\u00f3n con la Direcci\u00f3n de Educaci\u00f3n Municipal y la SEDENA, llevaron a cabo una pl\u00e1tica sobre el significado y la importancia de los s\u00edmbolos patrios a alumnos del sexto a\u00f1o.<\/p>\n","protected":false},"excerpt":{"rendered":"<p>Por: Staff | #DiazOrdaz #Tamaulipas Gustavo D\u00edaz Ordaz, Tam.- La Alcaldesa Nataly Garc\u00eda D\u00edaz presidi\u00f3 este lunes la ceremonia de honores especiales a los s\u00edmbolos patrios, que se llev\u00f3 a cabo en la escuela primaria Genaro G. Ruiz, con la participaci\u00f3n de elementos del 25avo Regimiento de Caballer\u00eda Motorizada, funcionarios estatales y de la administraci\u00f3n &hellip;<\/p>\n","protected":false},"author":1,"featured_media":2032,"comment_status":"open","ping_status":"open","sticky":false,"template":"","format":"standard","meta":{"footnotes":""},"categories":[39],"tags":[],"class_list":["post-2031","post","type-post","status-publish","format-standard","has-post-thumbnail","","category-tamaulipas"],"_links":{"self":[{"href":"https:\/\/www.radiointeractivo.com.mx\/index.php?rest_route=\/wp\/v2\/posts\/2031","targetHints":{"allow":["GET"]}}],"collection":[{"href":"https:\/\/www.radiointeractivo.com.mx\/index.php?rest_route=\/wp\/v2\/posts"}],"about":[{"href":"https:\/\/www.radiointeractivo.com.mx\/index.php?rest_route=\/wp\/v2\/types\/post"}],"author":[{"embeddable":true,"href":"https:\/\/www.radiointeractivo.com.mx\/index.php?rest_route=\/wp\/v2\/users\/1"}],"replies":[{"embeddable":true,"href":"https:\/\/www.radiointeractivo.com.mx\/index.php?rest_route=%2Fwp%2Fv2%2Fcomments&post=2031"}],"version-history":[{"count":1,"href":"https:\/\/www.radiointeractivo.com.mx\/index.php?rest_route=\/wp\/v2\/posts\/2031\/revisions"}],"predecessor-version":[{"id":2033,"href":"https:\/\/www.radiointeractivo.com.mx\/index.php?rest_route=\/wp\/v2\/posts\/2031\/revisions\/2033"}],"wp:featuredmedia":[{"embeddable":true,"href":"https:\/\/www.radiointeractivo.com.mx\/index.php?rest_route=\/wp\/v2\/media\/2032"}],"wp:attachment":[{"href":"https:\/\/www.radiointeractivo.com.mx\/index.php?rest_route=%2Fwp%2Fv2%2Fmedia&parent=2031"}],"wp:term":[{"taxonomy":"category","embeddable":true,"href":"https:\/\/www.radiointeractivo.com.mx\/index.php?rest_route=%2Fwp%2Fv2%2Fcategories&post=2031"},{"taxonomy":"post_tag","embeddable":true,"href":"https:\/\/www.radiointeractivo.com.mx\/index.php?rest_route=%2Fwp%2Fv2%2Ftags&post=2031"}],"curies":[{"name":"wp","href":"https:\/\/api.w.org\/{rel}","templated":true}]}}