{"id":2028,"date":"2023-09-25T16:11:45","date_gmt":"2023-09-25T21:11:45","guid":{"rendered":"https:\/\/www.radiointeractivo.com.mx\/?p=2028"},"modified":"2023-09-25T16:11:46","modified_gmt":"2023-09-25T21:11:46","slug":"participa-nataly-garcia-diaz-en-reestructuracion-de-comite-en-diaz-ordaz","status":"publish","type":"post","link":"https:\/\/www.radiointeractivo.com.mx\/?p=2028","title":{"rendered":"PARTICIPA NATALY GARCIA DIAZ EN REESTRUCTURACION DE COMIT\u00c9 EN D\u00cdAZ ORDAZ"},"content":{"rendered":"\n<p>Por: Staff | #DiazOrdaz #Tamaulipas<\/p>\n\n\n\n<p>Gustavo D\u00edaz Ordaz, Tam.- En su calidad de Representante del Sector Gubernamental, la Alcaldesa Nataly Garc\u00eda D\u00edaz particip\u00f3 en la reestructuraci\u00f3n del Comit\u00e9 de Vinculaci\u00f3n con el Sector Productivo en el CBtis 220.<\/p>\n\n\n\n<p>Aqu\u00ed, la Alcaldesa reiter\u00f3 que su gobierno est\u00e1 en la mejor disposici\u00f3n de seguir apoyando todo tipo de programas e iniciativas que sean en beneficio de los estudiantes, remarcando estar contenta de saber que los j\u00f3venes alumnos de esta instituci\u00f3n educativa, est\u00e1n aportando en el desarrollo del municipio m\u00e1s joven de Tamaulipas, por lo que refrend\u00f3 su compromiso con ellos.<\/p>\n\n\n\n<p>La Directora del Plantel C.P. Alicia Cortez Chapa Presidenta del Comit\u00e9, dio la bienvenida a los asistentes entre los que participaron representantes de instituciones p\u00fablicas, universidades, docentes y directivos del plantel y funcionarios municipales, los que participaron de manera muy activa exponiendo opiniones e inquietudes.<\/p>\n\n\n\n<p>La representante del sector ejecutivo Consuelo Mu\u00f1oz Garza, tuvo a su cargo una exposici\u00f3n, donde destac\u00f3 los beneficios de la Educaci\u00f3n Dual como opci\u00f3n educativa de la modalidad mixta que involucra escuela y empresas, y el programa ITAL que busca integrar a los j\u00f3venes estudiantes de manera temprana a la actividad laboral.<\/p>\n","protected":false},"excerpt":{"rendered":"<p>Por: Staff | #DiazOrdaz #Tamaulipas Gustavo D\u00edaz Ordaz, Tam.- En su calidad de Representante del Sector Gubernamental, la Alcaldesa Nataly Garc\u00eda D\u00edaz particip\u00f3 en la reestructuraci\u00f3n del Comit\u00e9 de Vinculaci\u00f3n con el Sector Productivo en el CBtis 220. Aqu\u00ed, la Alcaldesa reiter\u00f3 que su gobierno est\u00e1 en la mejor disposici\u00f3n de seguir apoyando todo tipo &hellip;<\/p>\n","protected":false},"author":1,"featured_media":2029,"comment_status":"open","ping_status":"open","sticky":false,"template":"","format":"standard","meta":{"footnotes":""},"categories":[39],"tags":[],"class_list":["post-2028","post","type-post","status-publish","format-standard","has-post-thumbnail","","category-tamaulipas"],"_links":{"self":[{"href":"https:\/\/www.radiointeractivo.com.mx\/index.php?rest_route=\/wp\/v2\/posts\/2028","targetHints":{"allow":["GET"]}}],"collection":[{"href":"https:\/\/www.radiointeractivo.com.mx\/index.php?rest_route=\/wp\/v2\/posts"}],"about":[{"href":"https:\/\/www.radiointeractivo.com.mx\/index.php?rest_route=\/wp\/v2\/types\/post"}],"author":[{"embeddable":true,"href":"https:\/\/www.radiointeractivo.com.mx\/index.php?rest_route=\/wp\/v2\/users\/1"}],"replies":[{"embeddable":true,"href":"https:\/\/www.radiointeractivo.com.mx\/index.php?rest_route=%2Fwp%2Fv2%2Fcomments&post=2028"}],"version-history":[{"count":1,"href":"https:\/\/www.radiointeractivo.com.mx\/index.php?rest_route=\/wp\/v2\/posts\/2028\/revisions"}],"predecessor-version":[{"id":2030,"href":"https:\/\/www.radiointeractivo.com.mx\/index.php?rest_route=\/wp\/v2\/posts\/2028\/revisions\/2030"}],"wp:featuredmedia":[{"embeddable":true,"href":"https:\/\/www.radiointeractivo.com.mx\/index.php?rest_route=\/wp\/v2\/media\/2029"}],"wp:attachment":[{"href":"https:\/\/www.radiointeractivo.com.mx\/index.php?rest_route=%2Fwp%2Fv2%2Fmedia&parent=2028"}],"wp:term":[{"taxonomy":"category","embeddable":true,"href":"https:\/\/www.radiointeractivo.com.mx\/index.php?rest_route=%2Fwp%2Fv2%2Fcategories&post=2028"},{"taxonomy":"post_tag","embeddable":true,"href":"https:\/\/www.radiointeractivo.com.mx\/index.php?rest_route=%2Fwp%2Fv2%2Ftags&post=2028"}],"curies":[{"name":"wp","href":"https:\/\/api.w.org\/{rel}","templated":true}]}}