{"id":2025,"date":"2023-09-25T15:43:38","date_gmt":"2023-09-25T20:43:38","guid":{"rendered":"https:\/\/www.radiointeractivo.com.mx\/?p=2025"},"modified":"2023-09-25T15:43:39","modified_gmt":"2023-09-25T20:43:39","slug":"invita-gobierno-municipal-a-concierto-de-gala-en-la-casa-longoria","status":"publish","type":"post","link":"https:\/\/www.radiointeractivo.com.mx\/?p=2025","title":{"rendered":"INVITA GOBIERNO MUNICIPAL A CONCIERTO DE GALA EN LA CASA LONGORIA"},"content":{"rendered":"\n<p>Por: Staff | #NuevoLaredo #Tamaulipas<\/p>\n\n\n\n<p>Este jueves 28 de septiembre se realizar\u00e1 el concierto de gala a cargo de la Centenaria Banda de M\u00fasica Municipal y que tendr\u00e1 como escenario la ic\u00f3nica Casa Longoria.<\/p>\n\n\n\n<p>En el concierto, que dar\u00e1 inicio a partir de las 7:00 de la tarde, los asistentes podr\u00e1n disfrutar de un extenso repertorio con melod\u00edas que ya forman parte del acervo musical internacional.<\/p>\n\n\n\n<p>El Gobierno municipal, encabezado por la alcaldesa Carmen Lilia Canturosas Villarreal, invita al p\u00fablico en general a divertirse y al mismo tiempo, seguir fortaleciendo los lazos familiares y el tejido social.<\/p>\n","protected":false},"excerpt":{"rendered":"<p>Por: Staff | #NuevoLaredo #Tamaulipas Este jueves 28 de septiembre se realizar\u00e1 el concierto de gala a cargo de la Centenaria Banda de M\u00fasica Municipal y que tendr\u00e1 como escenario la ic\u00f3nica Casa Longoria. En el concierto, que dar\u00e1 inicio a partir de las 7:00 de la tarde, los asistentes podr\u00e1n disfrutar de un extenso &hellip;<\/p>\n","protected":false},"author":1,"featured_media":2026,"comment_status":"open","ping_status":"open","sticky":false,"template":"","format":"standard","meta":{"footnotes":""},"categories":[38],"tags":[],"class_list":["post-2025","post","type-post","status-publish","format-standard","has-post-thumbnail","","category-nuevo-laredo"],"_links":{"self":[{"href":"https:\/\/www.radiointeractivo.com.mx\/index.php?rest_route=\/wp\/v2\/posts\/2025","targetHints":{"allow":["GET"]}}],"collection":[{"href":"https:\/\/www.radiointeractivo.com.mx\/index.php?rest_route=\/wp\/v2\/posts"}],"about":[{"href":"https:\/\/www.radiointeractivo.com.mx\/index.php?rest_route=\/wp\/v2\/types\/post"}],"author":[{"embeddable":true,"href":"https:\/\/www.radiointeractivo.com.mx\/index.php?rest_route=\/wp\/v2\/users\/1"}],"replies":[{"embeddable":true,"href":"https:\/\/www.radiointeractivo.com.mx\/index.php?rest_route=%2Fwp%2Fv2%2Fcomments&post=2025"}],"version-history":[{"count":1,"href":"https:\/\/www.radiointeractivo.com.mx\/index.php?rest_route=\/wp\/v2\/posts\/2025\/revisions"}],"predecessor-version":[{"id":2027,"href":"https:\/\/www.radiointeractivo.com.mx\/index.php?rest_route=\/wp\/v2\/posts\/2025\/revisions\/2027"}],"wp:featuredmedia":[{"embeddable":true,"href":"https:\/\/www.radiointeractivo.com.mx\/index.php?rest_route=\/wp\/v2\/media\/2026"}],"wp:attachment":[{"href":"https:\/\/www.radiointeractivo.com.mx\/index.php?rest_route=%2Fwp%2Fv2%2Fmedia&parent=2025"}],"wp:term":[{"taxonomy":"category","embeddable":true,"href":"https:\/\/www.radiointeractivo.com.mx\/index.php?rest_route=%2Fwp%2Fv2%2Fcategories&post=2025"},{"taxonomy":"post_tag","embeddable":true,"href":"https:\/\/www.radiointeractivo.com.mx\/index.php?rest_route=%2Fwp%2Fv2%2Ftags&post=2025"}],"curies":[{"name":"wp","href":"https:\/\/api.w.org\/{rel}","templated":true}]}}