{"id":2023,"date":"2023-09-25T15:31:24","date_gmt":"2023-09-25T20:31:24","guid":{"rendered":"https:\/\/www.radiointeractivo.com.mx\/?p=2023"},"modified":"2023-09-25T15:31:26","modified_gmt":"2023-09-25T20:31:26","slug":"ex-fiscal-anticorrupcion-no-cumplia-con-requisitos-que-establece-la-ley-americo-villarreal","status":"publish","type":"post","link":"https:\/\/www.radiointeractivo.com.mx\/?p=2023","title":{"rendered":"Ex Fiscal Anticorrupci\u00f3n, no cumpl\u00eda con requisitos que establece la ley: Am\u00e9rico Villarreal"},"content":{"rendered":"\n<p>Por: Agencias<\/p>\n\n\n\n<p>Cd. Victoria , Tam.- Como una medida acertada y valiente, calific\u00f3 el gobernador Am\u00e9rico Villarreal Anaya, la decisi\u00f3n de legisladores para suspender en sus funciones a quien se desempe\u00f1aba como titular de la Fiscal\u00eda Especializada para el Combate a la Corrupci\u00f3n (FECC), Ra\u00fal Ram\u00edrez Casta\u00f1eda.<\/p>\n\n\n\n<p>Indic\u00f3 que finalmente, los diputados locales que integran la Comisi\u00f3n Permanente en el Congreso local decidieron buscar las circunstancias legales para generar condiciones y nombrar un encargado del despacho en la persona de Jes\u00fas Eduardo Govea Orozco.<\/p>\n\n\n\n<p>En entrevista, luego de encabezar la ceremonia de Honores a la Bandera Nacional en el obelisco a los Tamaulipecos Ilustres, el mandatario tamaulipeco dijo que lo anterior, luego de que el ex titular de la Fiscal\u00eda no cumpliera con los requisitos de ley de sus ex\u00e1menes de control y confianza.<\/p>\n\n\n\n<p>Incluso, de entorpecer el n\u00famero de carpetas en situaci\u00f3n de investigaci\u00f3n que se interpusieron por parte de diferentes titulares de \u00e1rea, en contra de ex funcionarios de la administraci\u00f3n estatal, durante el proceso de entrega recepci\u00f3n.<\/p>\n","protected":false},"excerpt":{"rendered":"<p>Por: Agencias Cd. Victoria , Tam.- Como una medida acertada y valiente, calific\u00f3 el gobernador Am\u00e9rico Villarreal Anaya, la decisi\u00f3n de legisladores para suspender en sus funciones a quien se desempe\u00f1aba como titular de la Fiscal\u00eda Especializada para el Combate a la Corrupci\u00f3n (FECC), Ra\u00fal Ram\u00edrez Casta\u00f1eda. Indic\u00f3 que finalmente, los diputados locales que integran &hellip;<\/p>\n","protected":false},"author":1,"featured_media":838,"comment_status":"open","ping_status":"open","sticky":false,"template":"","format":"standard","meta":{"footnotes":""},"categories":[39],"tags":[],"class_list":["post-2023","post","type-post","status-publish","format-standard","has-post-thumbnail","","category-tamaulipas"],"_links":{"self":[{"href":"https:\/\/www.radiointeractivo.com.mx\/index.php?rest_route=\/wp\/v2\/posts\/2023","targetHints":{"allow":["GET"]}}],"collection":[{"href":"https:\/\/www.radiointeractivo.com.mx\/index.php?rest_route=\/wp\/v2\/posts"}],"about":[{"href":"https:\/\/www.radiointeractivo.com.mx\/index.php?rest_route=\/wp\/v2\/types\/post"}],"author":[{"embeddable":true,"href":"https:\/\/www.radiointeractivo.com.mx\/index.php?rest_route=\/wp\/v2\/users\/1"}],"replies":[{"embeddable":true,"href":"https:\/\/www.radiointeractivo.com.mx\/index.php?rest_route=%2Fwp%2Fv2%2Fcomments&post=2023"}],"version-history":[{"count":1,"href":"https:\/\/www.radiointeractivo.com.mx\/index.php?rest_route=\/wp\/v2\/posts\/2023\/revisions"}],"predecessor-version":[{"id":2024,"href":"https:\/\/www.radiointeractivo.com.mx\/index.php?rest_route=\/wp\/v2\/posts\/2023\/revisions\/2024"}],"wp:featuredmedia":[{"embeddable":true,"href":"https:\/\/www.radiointeractivo.com.mx\/index.php?rest_route=\/wp\/v2\/media\/838"}],"wp:attachment":[{"href":"https:\/\/www.radiointeractivo.com.mx\/index.php?rest_route=%2Fwp%2Fv2%2Fmedia&parent=2023"}],"wp:term":[{"taxonomy":"category","embeddable":true,"href":"https:\/\/www.radiointeractivo.com.mx\/index.php?rest_route=%2Fwp%2Fv2%2Fcategories&post=2023"},{"taxonomy":"post_tag","embeddable":true,"href":"https:\/\/www.radiointeractivo.com.mx\/index.php?rest_route=%2Fwp%2Fv2%2Ftags&post=2023"}],"curies":[{"name":"wp","href":"https:\/\/api.w.org\/{rel}","templated":true}]}}