{"id":2017,"date":"2023-09-25T14:43:49","date_gmt":"2023-09-25T19:43:49","guid":{"rendered":"https:\/\/www.radiointeractivo.com.mx\/?p=2017"},"modified":"2023-09-25T14:43:50","modified_gmt":"2023-09-25T19:43:50","slug":"preocupante-que-no-llegaron-huracanes-a-tamaulipas","status":"publish","type":"post","link":"https:\/\/www.radiointeractivo.com.mx\/?p=2017","title":{"rendered":"Preocupante que no llegaron huracanes a Tamaulipas"},"content":{"rendered":"\n<p>Por: Agencias<\/p>\n\n\n\n<p>Ciudad Victoria, Tamaulipas.- Las presas de Tamaulipas no se recuperaron despu\u00e9s de que la temporada de huracanes dej\u00f3 escasas precipitaciones en la entidad, por lo que el 2024 la sequ\u00eda ser\u00e1 cr\u00edtica, advirti\u00f3 Edgar Melhem Salinas, presidente de la Comisi\u00f3n de Desarrollo Rural en el Congreso del Estado.<\/p>\n\n\n\n<p>El diputado local dijo que cuando est\u00e1 a punto de terminar septiembre no se registraron las lluvias que se esperaban, se pronostica un a\u00f1o cr\u00edtico no \u00fanicamente para la agricultura, sino para todos los sectores productos y para el gasto dom\u00e9stico de los habitantes de Tamaulipas, no solo afectar\u00e1 al agropecuario.<\/p>\n\n\n\n<p>\u201cYa estamos por concluir la temporada de huracanes de este a\u00f1o y no ha habido la lluvia suficiente ni las tormentas suficientes, las lluvias que se registraron solo ayudaron al subsuelo, no sirvieron para llenar las presas o recargar los mantos acu\u00edferos subterr\u00e1neos\u00bb, dijo.<\/p>\n\n\n\n<p>Record\u00f3 que est\u00e1 por iniciar el programa de siembra del ciclo agr\u00edcola oto\u00f1o-invierno 2023-2024, pero la sequ\u00eda pone en riesgo la viabilidad del campo.<\/p>\n\n\n\n<p>Melhem Salinas expuso que la situaci\u00f3n ser\u00e1 complicado \u00abel nivel de las presas no ha aumentado en esta temporada de lluvias, se piensa hablan de que con los nortes pueda ser un invierno con los nortes fr\u00edos con agua\u201d.<\/p>\n","protected":false},"excerpt":{"rendered":"<p>Por: Agencias Ciudad Victoria, Tamaulipas.- Las presas de Tamaulipas no se recuperaron despu\u00e9s de que la temporada de huracanes dej\u00f3 escasas precipitaciones en la entidad, por lo que el 2024 la sequ\u00eda ser\u00e1 cr\u00edtica, advirti\u00f3 Edgar Melhem Salinas, presidente de la Comisi\u00f3n de Desarrollo Rural en el Congreso del Estado. El diputado local dijo que &hellip;<\/p>\n","protected":false},"author":1,"featured_media":2018,"comment_status":"open","ping_status":"open","sticky":false,"template":"","format":"standard","meta":{"footnotes":""},"categories":[39],"tags":[],"class_list":["post-2017","post","type-post","status-publish","format-standard","has-post-thumbnail","","category-tamaulipas"],"_links":{"self":[{"href":"https:\/\/www.radiointeractivo.com.mx\/index.php?rest_route=\/wp\/v2\/posts\/2017","targetHints":{"allow":["GET"]}}],"collection":[{"href":"https:\/\/www.radiointeractivo.com.mx\/index.php?rest_route=\/wp\/v2\/posts"}],"about":[{"href":"https:\/\/www.radiointeractivo.com.mx\/index.php?rest_route=\/wp\/v2\/types\/post"}],"author":[{"embeddable":true,"href":"https:\/\/www.radiointeractivo.com.mx\/index.php?rest_route=\/wp\/v2\/users\/1"}],"replies":[{"embeddable":true,"href":"https:\/\/www.radiointeractivo.com.mx\/index.php?rest_route=%2Fwp%2Fv2%2Fcomments&post=2017"}],"version-history":[{"count":1,"href":"https:\/\/www.radiointeractivo.com.mx\/index.php?rest_route=\/wp\/v2\/posts\/2017\/revisions"}],"predecessor-version":[{"id":2019,"href":"https:\/\/www.radiointeractivo.com.mx\/index.php?rest_route=\/wp\/v2\/posts\/2017\/revisions\/2019"}],"wp:featuredmedia":[{"embeddable":true,"href":"https:\/\/www.radiointeractivo.com.mx\/index.php?rest_route=\/wp\/v2\/media\/2018"}],"wp:attachment":[{"href":"https:\/\/www.radiointeractivo.com.mx\/index.php?rest_route=%2Fwp%2Fv2%2Fmedia&parent=2017"}],"wp:term":[{"taxonomy":"category","embeddable":true,"href":"https:\/\/www.radiointeractivo.com.mx\/index.php?rest_route=%2Fwp%2Fv2%2Fcategories&post=2017"},{"taxonomy":"post_tag","embeddable":true,"href":"https:\/\/www.radiointeractivo.com.mx\/index.php?rest_route=%2Fwp%2Fv2%2Ftags&post=2017"}],"curies":[{"name":"wp","href":"https:\/\/api.w.org\/{rel}","templated":true}]}}