{"id":20157,"date":"2026-03-19T00:09:45","date_gmt":"2026-03-19T05:09:45","guid":{"rendered":"https:\/\/www.radiointeractivo.com.mx\/?p=20157"},"modified":"2026-04-01T00:32:30","modified_gmt":"2026-04-01T05:32:30","slug":"fomentan-desarrollo-sustentable-con-convenio-en-favor-de-la-biodiversidad","status":"publish","type":"post","link":"https:\/\/www.radiointeractivo.com.mx\/?p=20157","title":{"rendered":"Fomentan desarrollo sustentable con convenio en favor de la biodiversidad"},"content":{"rendered":"\n<p>&#8212; La alianza entre la Comisi\u00f3n de Parques y Biodiversidad y Rancho El Tinieblo impulsar\u00e1 acciones de conservaci\u00f3n, restauraci\u00f3n ecol\u00f3gica y educaci\u00f3n ambiental, adem\u00e1s de detonar el turismo sustentable en la regi\u00f3n bajo un esquema de manejo responsable de especies<\/p>\n\n\n\n<p>Marzo 19 de 2026<\/p>\n\n\n\n<p>Jim\u00e9nez, Tamaulipas.\u2013 Con el objetivo de fortalecer la protecci\u00f3n del patrimonio natural y promover el desarrollo sustentable, la Comisi\u00f3n de Parques y Biodiversidad de Tamaulipas firm\u00f3 un Convenio Marco de Colaboraci\u00f3n con Mezcales de Tamaulipas \u2013 Rancho El Tinieblo, alianza que permitir\u00e1 impulsar proyectos de conservaci\u00f3n de flora y fauna, restauraci\u00f3n ecol\u00f3gica y educaci\u00f3n ambiental.<\/p>\n\n\n\n<p>Durante la firma, el vocal ejecutivo de la Comisi\u00f3n de Parques y Biodiversidad de Tamaulipas, Eduardo Rocha Orozco, explic\u00f3 que este acuerdo permitir\u00e1 sumar esfuerzos entre el gobierno estatal y la iniciativa privada para proteger la biodiversidad y acercar a las familias al conocimiento de las especies.<\/p>\n\n\n\n<p>\u201cEl cuidado de la biodiversidad es una responsabilidad compartida. Este convenio nos permitir\u00e1 impulsar proyectos de conservaci\u00f3n, restauraci\u00f3n ecol\u00f3gica y educaci\u00f3n ambiental que beneficien a Tamaulipas y a las futuras generaciones\u201d.<\/p>\n\n\n\n<p>El convenio contempla la colaboraci\u00f3n entre el Zool\u00f3gico de Tamat\u00e1n y Rancho El Tinieblo para el manejo responsable de especies, mediante asesor\u00eda t\u00e9cnica, seguimiento veterinario y visitas peri\u00f3dicas para garantizar el bienestar animal.<\/p>\n\n\n\n<p>Rocha Orozco explic\u00f3 que el proyecto se desarrollar\u00e1 de manera gradual, priorizando siempre el bienestar de los animales y la correcta adaptaci\u00f3n de las especies al entorno natural.<\/p>\n\n\n\n<p>\u201cEste es un proyecto que se va a desarrollar paso a paso; primero debemos garantizar que las especies puedan adaptarse y vivir en buenas condiciones y, despu\u00e9s, ir fortaleciendo la infraestructura y las experiencias para que m\u00e1s familias conozcan la riqueza natural de Tamaulipas\u201d.<\/p>\n\n\n\n<p>Rancho El Tinieblo, ubicado en el municipio de Jim\u00e9nez, cuenta con aproximadamente 3 mil 750 hect\u00e1reas, lo que permite que los animales se mantengan en espacios amplios y en condiciones cercanas a su entorno natural.<\/p>\n\n\n\n<p>Adem\u00e1s de su enfoque ambiental, el proyecto busca detonar el turismo en la regi\u00f3n, generando espacios donde visitantes puedan recorrer el rancho, observar animales en \u00e1reas abiertas y conocer m\u00e1s sobre la biodiversidad del estado.<\/p>\n\n\n\n<p>En el evento participaron el vocal ejecutivo de la Comisi\u00f3n de Parques y Biodiversidad de Tamaulipas, Eduardo Rocha Orozco; el director de Relaciones Interinstitucionales, Jorge Luis Gonz\u00e1lez Rodr\u00edguez; el director del Zool\u00f3gico de Tamat\u00e1n, Federico Gabriel Navarro de la Piedra; Juan Rafael Osorio V\u00e9lez, director adjunto y representante legal de Rancho El Tinieblo, acompa\u00f1ado por Sebasti\u00e1n Lima Chirinos; tambi\u00e9n asistieron la alcaldesa de Jim\u00e9nez, Corina Garza Arreola, as\u00ed como el vocal de la Comisi\u00f3n de Caza y Pesca de Tamaulipas, Luis Eduardo Garc\u00eda Reyes.<\/p>\n\n\n\n<p>Estas acciones forman parte de la visi\u00f3n del gobernador Am\u00e9rico Villarreal Anaya, quien ha impulsado pol\u00edticas p\u00fablicas enfocadas en la conservaci\u00f3n del medio ambiente, el desarrollo sustentable y el fortalecimiento del patrimonio natural de Tamaulipas.<\/p>\n\n\n\n<pre class=\"wp-block-code\"><code>        *      *    *<\/code><\/pre>\n","protected":false},"excerpt":{"rendered":"<p>&#8212; La alianza entre la Comisi\u00f3n de Parques y Biodiversidad y Rancho El Tinieblo impulsar\u00e1 acciones de conservaci\u00f3n, restauraci\u00f3n ecol\u00f3gica y educaci\u00f3n ambiental, adem\u00e1s de detonar el turismo sustentable en la regi\u00f3n bajo un esquema de manejo responsable de especies Marzo 19 de 2026 Jim\u00e9nez, Tamaulipas.\u2013 Con el objetivo de fortalecer la protecci\u00f3n del patrimonio &hellip;<\/p>\n","protected":false},"author":2,"featured_media":20158,"comment_status":"open","ping_status":"open","sticky":false,"template":"","format":"standard","meta":{"footnotes":""},"categories":[39],"tags":[],"class_list":["post-20157","post","type-post","status-publish","format-standard","has-post-thumbnail","","category-tamaulipas"],"_links":{"self":[{"href":"https:\/\/www.radiointeractivo.com.mx\/index.php?rest_route=\/wp\/v2\/posts\/20157","targetHints":{"allow":["GET"]}}],"collection":[{"href":"https:\/\/www.radiointeractivo.com.mx\/index.php?rest_route=\/wp\/v2\/posts"}],"about":[{"href":"https:\/\/www.radiointeractivo.com.mx\/index.php?rest_route=\/wp\/v2\/types\/post"}],"author":[{"embeddable":true,"href":"https:\/\/www.radiointeractivo.com.mx\/index.php?rest_route=\/wp\/v2\/users\/2"}],"replies":[{"embeddable":true,"href":"https:\/\/www.radiointeractivo.com.mx\/index.php?rest_route=%2Fwp%2Fv2%2Fcomments&post=20157"}],"version-history":[{"count":1,"href":"https:\/\/www.radiointeractivo.com.mx\/index.php?rest_route=\/wp\/v2\/posts\/20157\/revisions"}],"predecessor-version":[{"id":20159,"href":"https:\/\/www.radiointeractivo.com.mx\/index.php?rest_route=\/wp\/v2\/posts\/20157\/revisions\/20159"}],"wp:featuredmedia":[{"embeddable":true,"href":"https:\/\/www.radiointeractivo.com.mx\/index.php?rest_route=\/wp\/v2\/media\/20158"}],"wp:attachment":[{"href":"https:\/\/www.radiointeractivo.com.mx\/index.php?rest_route=%2Fwp%2Fv2%2Fmedia&parent=20157"}],"wp:term":[{"taxonomy":"category","embeddable":true,"href":"https:\/\/www.radiointeractivo.com.mx\/index.php?rest_route=%2Fwp%2Fv2%2Fcategories&post=20157"},{"taxonomy":"post_tag","embeddable":true,"href":"https:\/\/www.radiointeractivo.com.mx\/index.php?rest_route=%2Fwp%2Fv2%2Ftags&post=20157"}],"curies":[{"name":"wp","href":"https:\/\/api.w.org\/{rel}","templated":true}]}}