{"id":20034,"date":"2026-02-04T15:07:02","date_gmt":"2026-02-04T21:07:02","guid":{"rendered":"https:\/\/www.radiointeractivo.com.mx\/?p=20034"},"modified":"2026-02-04T15:07:06","modified_gmt":"2026-02-04T21:07:06","slug":"presenta-alcaldesa-carmen-lilia-canturosas-a-los-ninos-que-representaran-a-mexico-en-la-ceremonia-del-abrazo-2026","status":"publish","type":"post","link":"https:\/\/www.radiointeractivo.com.mx\/?p=20034","title":{"rendered":"Presenta alcaldesa Carmen Lilia Canturosas a los ni\u00f1os que representar\u00e1n a M\u00e9xico en la Ceremonia del Abrazo 2026"},"content":{"rendered":"\n<figure class=\"wp-block-image size-large\"><img loading=\"lazy\" decoding=\"async\" width=\"1024\" height=\"686\" src=\"https:\/\/www.radiointeractivo.com.mx\/wp-content\/uploads\/2026\/02\/WhatsApp-Image-2026-02-04-at-12.00.03-PM-1024x686.jpeg\" alt=\"\" class=\"wp-image-20035\" srcset=\"https:\/\/www.radiointeractivo.com.mx\/wp-content\/uploads\/2026\/02\/WhatsApp-Image-2026-02-04-at-12.00.03-PM-1024x686.jpeg 1024w, https:\/\/www.radiointeractivo.com.mx\/wp-content\/uploads\/2026\/02\/WhatsApp-Image-2026-02-04-at-12.00.03-PM-300x201.jpeg 300w, https:\/\/www.radiointeractivo.com.mx\/wp-content\/uploads\/2026\/02\/WhatsApp-Image-2026-02-04-at-12.00.03-PM-768x514.jpeg 768w, https:\/\/www.radiointeractivo.com.mx\/wp-content\/uploads\/2026\/02\/WhatsApp-Image-2026-02-04-at-12.00.03-PM-110x75.jpeg 110w, https:\/\/www.radiointeractivo.com.mx\/wp-content\/uploads\/2026\/02\/WhatsApp-Image-2026-02-04-at-12.00.03-PM.jpeg 1440w\" sizes=\"auto, (max-width: 1024px) 100vw, 1024px\" \/><\/figure>\n\n\n\n<p>Por: Staff | #NuevoLaredo #Laredo #NLD #Tamaulipas<\/p>\n\n\n\n<p>En un acto cargado de simbolismo y tradici\u00f3n, la alcaldesa de Nuevo Laredo, Carmen Lilia Canturosas Villarreal, encabez\u00f3 la presentaci\u00f3n oficial de las ni\u00f1as y ni\u00f1os que representar\u00e1n a M\u00e9xico en la Ceremonia del Abrazo 2026, uno de los eventos m\u00e1s representativos de fraternidad entre Nuevo Laredo, Tamaulipas, y Laredo, Texas.<\/p>\n\n\n\n<p>La ceremonia se realiz\u00f3 en el recinto cultural Estaci\u00f3n Palabra \u201cGabriel Garc\u00eda M\u00e1rquez\u201d, espacio que reuni\u00f3 a autoridades de ambos lados de la frontera, representantes diplom\u00e1ticos y miembros de organismos binacionales, para refrendar una tradici\u00f3n que, desde 1969, simboliza la amistad, el respeto y la buena vecindad entre M\u00e9xico y Estados Unidos.<\/p>\n\n\n\n<p>Durante su intervenci\u00f3n, la presidenta municipal subray\u00f3 el valor del Abrazo del Puente Internacional como un mensaje de unidad en tiempos complejos, destacando el papel de la ni\u00f1ez como portadora de esperanza y conciliaci\u00f3n.<\/p>\n\n\n\n<p>\u201cEn un mundo que muchas veces insiste en dividir, aqu\u00ed respondemos con un gesto sencillo y poderoso: el abrazo de un ni\u00f1o. Ellos no solo representan a una ciudad o a un pa\u00eds, representan la posibilidad de un futuro mejor para ambos pueblos\u201d, expres\u00f3.<\/p>\n\n\n\n<p>Los menores designados para representar a M\u00e9xico en la Ceremonia del Abrazo 2026 son Mar\u00eda Fernanda L\u00f3pez Torres y Eric Eugenio Galindo Madrigal, quienes fueron presentados formalmente ante los asistentes y recibieron el reconocimiento y aplauso de la comunidad reunida.<\/p>\n\n\n\n<p>Durante el evento tambi\u00e9n se present\u00f3 a quien encarnar\u00e1 la figura hist\u00f3rica de Don Miguel Hidalgo y Costilla, s\u00edmbolo de libertad y soberan\u00eda nacional. Esta responsabilidad recaer\u00e1 en Alfredo L\u00f3pez Hinojosa, a quien se le reconoci\u00f3 el compromiso de representar uno de los personajes m\u00e1s emblem\u00e1ticos de la historia de M\u00e9xico.<\/p>\n\n\n\n<p>La alcaldesa dio la bienvenida al mayor de Laredo, Texas, Dr. V\u00edctor Trevi\u00f1o, acompa\u00f1ado de su esposa, Rosa Trevi\u00f1o, as\u00ed como a los c\u00f3nsules generales de M\u00e9xico y Estados Unidos, integrantes del Consejo Internacional de la Buena Vecindad y representantes de la Washington\u2019s Birthday Celebration Association (WBCA), destacando su papel en la preservaci\u00f3n de esta tradici\u00f3n binacional.<\/p>\n\n\n\n<p>\u201cMientras existan ni\u00f1as y ni\u00f1os dispuestos a encontrarse a la mitad del puente para abrazarse, los Dos Laredos seguir\u00e1n construyendo una historia compartida. El r\u00edo no nos separa; nos une\u201d, afirm\u00f3 la alcaldesa.<\/p>\n\n\n\n<p>La Ceremonia del Abrazo forma parte de las festividades del Natalicio de George Washington, una de las celebraciones c\u00edvicas m\u00e1s relevantes en Estados Unidos, que cada a\u00f1o re\u00fane desfiles, actividades culturales y eventos protocolares, fortaleciendo los lazos hist\u00f3ricos, sociales y culturales entre ambas comunidades fronterizas.<\/p>\n","protected":false},"excerpt":{"rendered":"<p>Por: Staff | #NuevoLaredo #Laredo #NLD #Tamaulipas En un acto cargado de simbolismo y tradici\u00f3n, la alcaldesa de Nuevo Laredo, Carmen Lilia Canturosas Villarreal, encabez\u00f3 la presentaci\u00f3n oficial de las ni\u00f1as y ni\u00f1os que representar\u00e1n a M\u00e9xico en la Ceremonia del Abrazo 2026, uno de los eventos m\u00e1s representativos de fraternidad entre Nuevo Laredo, Tamaulipas, &hellip;<\/p>\n","protected":false},"author":1,"featured_media":20035,"comment_status":"open","ping_status":"open","sticky":false,"template":"","format":"standard","meta":{"footnotes":""},"categories":[38],"tags":[],"class_list":["post-20034","post","type-post","status-publish","format-standard","has-post-thumbnail","","category-nuevo-laredo"],"_links":{"self":[{"href":"https:\/\/www.radiointeractivo.com.mx\/index.php?rest_route=\/wp\/v2\/posts\/20034","targetHints":{"allow":["GET"]}}],"collection":[{"href":"https:\/\/www.radiointeractivo.com.mx\/index.php?rest_route=\/wp\/v2\/posts"}],"about":[{"href":"https:\/\/www.radiointeractivo.com.mx\/index.php?rest_route=\/wp\/v2\/types\/post"}],"author":[{"embeddable":true,"href":"https:\/\/www.radiointeractivo.com.mx\/index.php?rest_route=\/wp\/v2\/users\/1"}],"replies":[{"embeddable":true,"href":"https:\/\/www.radiointeractivo.com.mx\/index.php?rest_route=%2Fwp%2Fv2%2Fcomments&post=20034"}],"version-history":[{"count":1,"href":"https:\/\/www.radiointeractivo.com.mx\/index.php?rest_route=\/wp\/v2\/posts\/20034\/revisions"}],"predecessor-version":[{"id":20036,"href":"https:\/\/www.radiointeractivo.com.mx\/index.php?rest_route=\/wp\/v2\/posts\/20034\/revisions\/20036"}],"wp:featuredmedia":[{"embeddable":true,"href":"https:\/\/www.radiointeractivo.com.mx\/index.php?rest_route=\/wp\/v2\/media\/20035"}],"wp:attachment":[{"href":"https:\/\/www.radiointeractivo.com.mx\/index.php?rest_route=%2Fwp%2Fv2%2Fmedia&parent=20034"}],"wp:term":[{"taxonomy":"category","embeddable":true,"href":"https:\/\/www.radiointeractivo.com.mx\/index.php?rest_route=%2Fwp%2Fv2%2Fcategories&post=20034"},{"taxonomy":"post_tag","embeddable":true,"href":"https:\/\/www.radiointeractivo.com.mx\/index.php?rest_route=%2Fwp%2Fv2%2Ftags&post=20034"}],"curies":[{"name":"wp","href":"https:\/\/api.w.org\/{rel}","templated":true}]}}