{"id":20027,"date":"2026-02-04T14:21:43","date_gmt":"2026-02-04T20:21:43","guid":{"rendered":"https:\/\/www.radiointeractivo.com.mx\/?p=20027"},"modified":"2026-02-04T14:21:46","modified_gmt":"2026-02-04T20:21:46","slug":"vuelve-presidencia-cerquita-de-ti-y-lleva-servicios-municipales-a-la-colonia-los-artistas","status":"publish","type":"post","link":"https:\/\/www.radiointeractivo.com.mx\/?p=20027","title":{"rendered":"Vuelve \u201cPresidencia Cerquita de Ti\u201d y lleva servicios municipales a la colonia Los Artistas"},"content":{"rendered":"\n<figure class=\"wp-block-image size-large\"><img loading=\"lazy\" decoding=\"async\" width=\"1024\" height=\"686\" src=\"https:\/\/www.radiointeractivo.com.mx\/wp-content\/uploads\/2026\/02\/WhatsApp-Image-2026-02-04-at-11.26.00-AM-1024x686.jpeg\" alt=\"\" class=\"wp-image-20028\" srcset=\"https:\/\/www.radiointeractivo.com.mx\/wp-content\/uploads\/2026\/02\/WhatsApp-Image-2026-02-04-at-11.26.00-AM-1024x686.jpeg 1024w, https:\/\/www.radiointeractivo.com.mx\/wp-content\/uploads\/2026\/02\/WhatsApp-Image-2026-02-04-at-11.26.00-AM-300x201.jpeg 300w, https:\/\/www.radiointeractivo.com.mx\/wp-content\/uploads\/2026\/02\/WhatsApp-Image-2026-02-04-at-11.26.00-AM-768x514.jpeg 768w, https:\/\/www.radiointeractivo.com.mx\/wp-content\/uploads\/2026\/02\/WhatsApp-Image-2026-02-04-at-11.26.00-AM-110x75.jpeg 110w, https:\/\/www.radiointeractivo.com.mx\/wp-content\/uploads\/2026\/02\/WhatsApp-Image-2026-02-04-at-11.26.00-AM.jpeg 1440w\" sizes=\"auto, (max-width: 1024px) 100vw, 1024px\" \/><\/figure>\n\n\n\n<p>Por: Eduardo Amaro | #NuevoLaredo #Laredo #NLD #Tamaulipas<\/p>\n\n\n\n<p>El Gobierno Municipal anunci\u00f3 el regreso del programa Presidencia Cerquita de Ti, una estrategia orientada a acercar la atenci\u00f3n institucional a los distintos sectores de la ciudad y facilitar a la ciudadan\u00eda el acceso directo a tr\u00e1mites, servicios y apoyos sin intermediarios.<\/p>\n\n\n\n<p>La jornada se llevar\u00e1 a cabo este jueves 5 de febrero en la colonia Los Artistas, en un horario de 9:00 de la ma\u00f1ana a 2:00 de la tarde, donde dependencias municipales instalar\u00e1n m\u00f3dulos de atenci\u00f3n para atender las necesidades de las familias del sector.<\/p>\n\n\n\n<p>Durante el evento, las y los vecinos podr\u00e1n realizar en un mismo espacio diversos tr\u00e1mites y gestiones del Gobierno Municipal, evitando traslados y tiempos de espera, como parte de una pol\u00edtica de atenci\u00f3n cercana y eficiente.<\/p>\n\n\n\n<p>Uno de los momentos centrales de la jornada ser\u00e1 la realizaci\u00f3n de audiencias p\u00fablicas encabezadas por la presidenta municipal Carmen Lilia Canturosas Villarreal, quien escuchar\u00e1 de manera directa las inquietudes y solicitudes de la ciudadan\u00eda, reforzando un modelo de gobierno basado en la cercan\u00eda, el di\u00e1logo y la atenci\u00f3n personalizada.<\/p>\n\n\n\n<p>El programa contempla tambi\u00e9n una amplia oferta de servicios de salud gratuitos, que incluyen consultas m\u00e9dicas generales, atenci\u00f3n psicol\u00f3gica y nutricional, servicios integrales para la mujer, detecci\u00f3n de glucosa, toma de presi\u00f3n arterial, aplicaci\u00f3n de vacunas y pruebas r\u00e1pidas para la identificaci\u00f3n oportuna de enfermedades, con el respaldo de personal capacitado.<\/p>\n\n\n\n<p>Asimismo, se brindar\u00e1n servicios enfocados al bienestar animal, con acciones orientadas al cuidado responsable de las mascotas y a la promoci\u00f3n de la salud p\u00fablica desde una perspectiva integral.<\/p>\n\n\n\n<p>Con el regreso de Presidencia Cerquita de Ti, el Gobierno Municipal reafirma su compromiso de mantener una administraci\u00f3n cercana a la gente, que sale a las colonias, escucha de frente y ofrece soluciones concretas a las necesidades de la comunidad.<\/p>\n","protected":false},"excerpt":{"rendered":"<p>Por: Eduardo Amaro | #NuevoLaredo #Laredo #NLD #Tamaulipas El Gobierno Municipal anunci\u00f3 el regreso del programa Presidencia Cerquita de Ti, una estrategia orientada a acercar la atenci\u00f3n institucional a los distintos sectores de la ciudad y facilitar a la ciudadan\u00eda el acceso directo a tr\u00e1mites, servicios y apoyos sin intermediarios. La jornada se llevar\u00e1 a &hellip;<\/p>\n","protected":false},"author":1,"featured_media":20028,"comment_status":"open","ping_status":"open","sticky":false,"template":"","format":"standard","meta":{"footnotes":""},"categories":[38],"tags":[],"class_list":["post-20027","post","type-post","status-publish","format-standard","has-post-thumbnail","","category-nuevo-laredo"],"_links":{"self":[{"href":"https:\/\/www.radiointeractivo.com.mx\/index.php?rest_route=\/wp\/v2\/posts\/20027","targetHints":{"allow":["GET"]}}],"collection":[{"href":"https:\/\/www.radiointeractivo.com.mx\/index.php?rest_route=\/wp\/v2\/posts"}],"about":[{"href":"https:\/\/www.radiointeractivo.com.mx\/index.php?rest_route=\/wp\/v2\/types\/post"}],"author":[{"embeddable":true,"href":"https:\/\/www.radiointeractivo.com.mx\/index.php?rest_route=\/wp\/v2\/users\/1"}],"replies":[{"embeddable":true,"href":"https:\/\/www.radiointeractivo.com.mx\/index.php?rest_route=%2Fwp%2Fv2%2Fcomments&post=20027"}],"version-history":[{"count":1,"href":"https:\/\/www.radiointeractivo.com.mx\/index.php?rest_route=\/wp\/v2\/posts\/20027\/revisions"}],"predecessor-version":[{"id":20029,"href":"https:\/\/www.radiointeractivo.com.mx\/index.php?rest_route=\/wp\/v2\/posts\/20027\/revisions\/20029"}],"wp:featuredmedia":[{"embeddable":true,"href":"https:\/\/www.radiointeractivo.com.mx\/index.php?rest_route=\/wp\/v2\/media\/20028"}],"wp:attachment":[{"href":"https:\/\/www.radiointeractivo.com.mx\/index.php?rest_route=%2Fwp%2Fv2%2Fmedia&parent=20027"}],"wp:term":[{"taxonomy":"category","embeddable":true,"href":"https:\/\/www.radiointeractivo.com.mx\/index.php?rest_route=%2Fwp%2Fv2%2Fcategories&post=20027"},{"taxonomy":"post_tag","embeddable":true,"href":"https:\/\/www.radiointeractivo.com.mx\/index.php?rest_route=%2Fwp%2Fv2%2Ftags&post=20027"}],"curies":[{"name":"wp","href":"https:\/\/api.w.org\/{rel}","templated":true}]}}