{"id":20024,"date":"2026-02-04T13:37:19","date_gmt":"2026-02-04T19:37:19","guid":{"rendered":"https:\/\/www.radiointeractivo.com.mx\/?p=20024"},"modified":"2026-02-04T13:37:23","modified_gmt":"2026-02-04T19:37:23","slug":"convoca-gobierno-municipal-al-bazar-de-san-valentin-en-plaza-zaragoza","status":"publish","type":"post","link":"https:\/\/www.radiointeractivo.com.mx\/?p=20024","title":{"rendered":"Convoca Gobierno Municipal al Bazar de San Valent\u00edn en Plaza Zaragoza"},"content":{"rendered":"\n<figure class=\"wp-block-image size-large\"><img loading=\"lazy\" decoding=\"async\" width=\"1024\" height=\"682\" src=\"https:\/\/www.radiointeractivo.com.mx\/wp-content\/uploads\/2026\/02\/WhatsApp-Image-2026-02-04-at-11.15.53-AM-1024x682.jpeg\" alt=\"\" class=\"wp-image-20025\" srcset=\"https:\/\/www.radiointeractivo.com.mx\/wp-content\/uploads\/2026\/02\/WhatsApp-Image-2026-02-04-at-11.15.53-AM-1024x682.jpeg 1024w, https:\/\/www.radiointeractivo.com.mx\/wp-content\/uploads\/2026\/02\/WhatsApp-Image-2026-02-04-at-11.15.53-AM-300x200.jpeg 300w, https:\/\/www.radiointeractivo.com.mx\/wp-content\/uploads\/2026\/02\/WhatsApp-Image-2026-02-04-at-11.15.53-AM-768x512.jpeg 768w, https:\/\/www.radiointeractivo.com.mx\/wp-content\/uploads\/2026\/02\/WhatsApp-Image-2026-02-04-at-11.15.53-AM-1536x1023.jpeg 1536w, https:\/\/www.radiointeractivo.com.mx\/wp-content\/uploads\/2026\/02\/WhatsApp-Image-2026-02-04-at-11.15.53-AM-310x205.jpeg 310w, https:\/\/www.radiointeractivo.com.mx\/wp-content\/uploads\/2026\/02\/WhatsApp-Image-2026-02-04-at-11.15.53-AM.jpeg 1600w\" sizes=\"auto, (max-width: 1024px) 100vw, 1024px\" \/><\/figure>\n\n\n\n<p>Por: Fernanda Valtierra | #NuevoLaredo #Laredo #NLD #Tamaulipas<\/p>\n\n\n\n<p>Como parte de las acciones para respaldar al comercio local y propiciar espacios de convivencia familiar, el Gobierno Municipal lanz\u00f3 la invitaci\u00f3n a la ciudadan\u00eda para asistir al Bazar de San Valent\u00edn, una actividad pensada para celebrar el D\u00eda del Amor y la Amistad en un entorno abierto, din\u00e1mico y cercano a la comunidad.<\/p>\n\n\n\n<p>El encuentro se llevar\u00e1 a cabo este s\u00e1bado 7 de febrero en la Plaza Zaragoza, en un horario de 4:00 de la tarde a 9:00 de la noche. Durante la jornada, emprendedores y productores locales pondr\u00e1n a disposici\u00f3n del p\u00fablico una amplia oferta de art\u00edculos ideales para regalar, que incluyen artesan\u00edas, productos decorativos, propuestas creativas y opciones gastron\u00f3micas.<\/p>\n\n\n\n<p>M\u00e1s all\u00e1 de la venta de productos, el bazar busca convertirse en un punto de encuentro para las familias, fomentando el uso de los espacios p\u00fablicos y generando un ambiente propicio para la convivencia social en el centro de la ciudad.<\/p>\n\n\n\n<p>Autoridades municipales destacaron que este tipo de actividades contribuyen al fortalecimiento de la econom\u00eda local, al brindar visibilidad y oportunidades de venta a peque\u00f1os negocios y talentos emergentes, al tiempo que se promueve el consumo responsable y de cercan\u00eda.<\/p>\n\n\n\n<p>El Gobierno Municipal reiter\u00f3 el llamado a la ciudadan\u00eda a participar en el Bazar de San Valent\u00edn, apoyar a los emprendedores locales y sumarse a esta iniciativa que combina comercio, convivencia y celebraci\u00f3n en un espacio p\u00fablico emblem\u00e1tico.<\/p>\n","protected":false},"excerpt":{"rendered":"<p>Por: Fernanda Valtierra | #NuevoLaredo #Laredo #NLD #Tamaulipas Como parte de las acciones para respaldar al comercio local y propiciar espacios de convivencia familiar, el Gobierno Municipal lanz\u00f3 la invitaci\u00f3n a la ciudadan\u00eda para asistir al Bazar de San Valent\u00edn, una actividad pensada para celebrar el D\u00eda del Amor y la Amistad en un entorno &hellip;<\/p>\n","protected":false},"author":1,"featured_media":20025,"comment_status":"open","ping_status":"open","sticky":false,"template":"","format":"standard","meta":{"footnotes":""},"categories":[38],"tags":[],"class_list":["post-20024","post","type-post","status-publish","format-standard","has-post-thumbnail","","category-nuevo-laredo"],"_links":{"self":[{"href":"https:\/\/www.radiointeractivo.com.mx\/index.php?rest_route=\/wp\/v2\/posts\/20024","targetHints":{"allow":["GET"]}}],"collection":[{"href":"https:\/\/www.radiointeractivo.com.mx\/index.php?rest_route=\/wp\/v2\/posts"}],"about":[{"href":"https:\/\/www.radiointeractivo.com.mx\/index.php?rest_route=\/wp\/v2\/types\/post"}],"author":[{"embeddable":true,"href":"https:\/\/www.radiointeractivo.com.mx\/index.php?rest_route=\/wp\/v2\/users\/1"}],"replies":[{"embeddable":true,"href":"https:\/\/www.radiointeractivo.com.mx\/index.php?rest_route=%2Fwp%2Fv2%2Fcomments&post=20024"}],"version-history":[{"count":1,"href":"https:\/\/www.radiointeractivo.com.mx\/index.php?rest_route=\/wp\/v2\/posts\/20024\/revisions"}],"predecessor-version":[{"id":20026,"href":"https:\/\/www.radiointeractivo.com.mx\/index.php?rest_route=\/wp\/v2\/posts\/20024\/revisions\/20026"}],"wp:featuredmedia":[{"embeddable":true,"href":"https:\/\/www.radiointeractivo.com.mx\/index.php?rest_route=\/wp\/v2\/media\/20025"}],"wp:attachment":[{"href":"https:\/\/www.radiointeractivo.com.mx\/index.php?rest_route=%2Fwp%2Fv2%2Fmedia&parent=20024"}],"wp:term":[{"taxonomy":"category","embeddable":true,"href":"https:\/\/www.radiointeractivo.com.mx\/index.php?rest_route=%2Fwp%2Fv2%2Fcategories&post=20024"},{"taxonomy":"post_tag","embeddable":true,"href":"https:\/\/www.radiointeractivo.com.mx\/index.php?rest_route=%2Fwp%2Fv2%2Ftags&post=20024"}],"curies":[{"name":"wp","href":"https:\/\/api.w.org\/{rel}","templated":true}]}}