{"id":20020,"date":"2026-02-03T19:31:33","date_gmt":"2026-02-04T01:31:33","guid":{"rendered":"https:\/\/www.radiointeractivo.com.mx\/?p=20020"},"modified":"2026-02-03T19:31:36","modified_gmt":"2026-02-04T01:31:36","slug":"dif-nuevo-laredo-inicia-proceso-de-inscripcion-a-preescolar-para-el-ciclo-2026-2027","status":"publish","type":"post","link":"https:\/\/www.radiointeractivo.com.mx\/?p=20020","title":{"rendered":"DIF Nuevo Laredo inicia proceso de inscripci\u00f3n a preescolar para el ciclo 2026\u20132027"},"content":{"rendered":"\n<figure class=\"wp-block-image size-large\"><img loading=\"lazy\" decoding=\"async\" width=\"1024\" height=\"682\" src=\"https:\/\/www.radiointeractivo.com.mx\/wp-content\/uploads\/2026\/02\/WhatsApp-Image-2026-02-03-at-3.49.58-PM-1-1024x682.jpeg\" alt=\"\" class=\"wp-image-20021\" srcset=\"https:\/\/www.radiointeractivo.com.mx\/wp-content\/uploads\/2026\/02\/WhatsApp-Image-2026-02-03-at-3.49.58-PM-1-1024x682.jpeg 1024w, https:\/\/www.radiointeractivo.com.mx\/wp-content\/uploads\/2026\/02\/WhatsApp-Image-2026-02-03-at-3.49.58-PM-1-300x200.jpeg 300w, https:\/\/www.radiointeractivo.com.mx\/wp-content\/uploads\/2026\/02\/WhatsApp-Image-2026-02-03-at-3.49.58-PM-1-768x512.jpeg 768w, https:\/\/www.radiointeractivo.com.mx\/wp-content\/uploads\/2026\/02\/WhatsApp-Image-2026-02-03-at-3.49.58-PM-1-310x205.jpeg 310w, https:\/\/www.radiointeractivo.com.mx\/wp-content\/uploads\/2026\/02\/WhatsApp-Image-2026-02-03-at-3.49.58-PM-1.jpeg 1280w\" sizes=\"auto, (max-width: 1024px) 100vw, 1024px\" \/><\/figure>\n\n\n\n<p>Por: Eduardo Deras | #NuevoLaredo #Laredo #NLD #Tamaulipas<\/p>\n\n\n\n<p>Con el prop\u00f3sito de seguir fortaleciendo la educaci\u00f3n inicial y apoyar de manera directa a las familias de la ciudad, el Sistema para el Desarrollo Integral de la Familia (DIF) Nuevo Laredo anunci\u00f3 la apertura de inscripciones para el ciclo escolar 2026\u20132027 en sus centros educativos de nivel preescolar.<\/p>\n\n\n\n<p>El periodo de inscripci\u00f3n definitiva se desarrollar\u00e1 del 3 al 13 de febrero, por lo que se exhorta a madres y padres de familia a acudir con anticipaci\u00f3n a los planteles para informarse y completar el tr\u00e1mite correspondiente.<\/p>\n\n\n\n<p>Los centros educativos del DIF brindan atenci\u00f3n a ni\u00f1as y ni\u00f1os de entre 3 y 6 a\u00f1os, en espacios dise\u00f1ados para favorecer su desarrollo integral, con personal capacitado y un enfoque formativo que prioriza el bienestar infantil. El horario regular de clases es de 9:00 de la ma\u00f1ana a 12:00 del mediod\u00eda; adem\u00e1s, se ofrece servicio de guarder\u00eda con horario ampliado, de 7:30 a.m. a 3:30 p.m., una opci\u00f3n pensada para apoyar a madres y padres trabajadores.<\/p>\n\n\n\n<p>La red educativa del DIF est\u00e1 integrada por los Centros de Asistencia Infantil Comunitarios (CAIC), el Centro de Cuidado Diario Infantil (CECUDI) y el Centro Asistencial de Desarrollo Infantil (CADI), ubicados estrat\u00e9gicamente en distintos sectores de Nuevo Laredo para facilitar el acceso de la poblaci\u00f3n.<\/p>\n\n\n\n<p>Al respecto, el director general del Sistema DIF Nuevo Laredo, Viviano V\u00e1zquez Mac\u00edas, subray\u00f3 que la atenci\u00f3n que se ofrece en estos espacios se distingue por la calidad humana y el compromiso del personal.<\/p>\n\n\n\n<p>\u201cEn los centros educativos del DIF trabajamos con responsabilidad, vocaci\u00f3n y cari\u00f1o por la ni\u00f1ez. Nuestro objetivo es proporcionar educaci\u00f3n de calidad en entornos seguros y c\u00e1lidos, que den confianza a las familias y permitan a cada ni\u00f1a y ni\u00f1o desarrollarse plenamente\u201d, expres\u00f3.<\/p>\n\n\n\n<p>Asimismo, invit\u00f3 a las familias a visitar los planteles, conocer sus instalaciones y servicios, y recibir orientaci\u00f3n directa para elegir la mejor opci\u00f3n de educaci\u00f3n preescolar para sus hijas e hijos.<\/p>\n\n\n\n<p>Espacios disponibles por grado<\/p>\n\n\n\n<p>Primer grado de preescolar (3 a 4 a\u00f1os):<br>\u2013 Centro Asistencial de Desarrollo Infantil (CADI): Art\u00edculo 26, entre Art\u00edculo 28 y Privada Hacienda Echegaray, colonia Constitucional.<br>\u2013 Mi Casa DIF: Aquiles Serd\u00e1n #1500, sector Centro.<br>\u2013 CAIC Mundo de Colores: Prolongaci\u00f3n Lago de Xochimilco 5426, colonia Los Encinos.<br>\u2013 CAIC Lomas del R\u00edo: Calles Cresp\u00f3n y L\u00edmite Sur, colonia Lomas del R\u00edo.<br>\u2013 Centro de Cuidado Diario Infantil (CECUDI): Doroteo Arango 1101, esquina con Joaqu\u00edn \u00c1lvarez e Iglesias Calder\u00f3n, colonia Francisco Villa.<br>\u2013 San Nicol\u00e1s: Vista Jard\u00edn #55, colonia Las Alamedas.<br>\u2013 CAIC Mi Angelito: Prolongaci\u00f3n Monterrey 3920, frente a la Plaza de Toros \u201cLauro Luis Longoria\u201d.<\/p>\n\n\n\n<p>Segundo grado de preescolar (4 a 5 a\u00f1os):<br>\u2013 CAIC Mi Arco\u00edris: Calle Uni\u00f3n 111, esquina con Calle La Cruz, colonia Uni\u00f3n del Recuerdo.<br>\u2013 CAIC Mi Angelito: Prolongaci\u00f3n Monterrey 3920, frente a la Plaza de Toros \u201cLauro Luis Longoria\u201d.<br>\u2013 San Nicol\u00e1s: Vista Jard\u00edn #55, colonia Las Alamedas.<br>\u2013 Centro de Cuidado Diario Infantil (CECUDI): Doroteo Arango 1101, esquina con Joaqu\u00edn \u00c1lvarez e Iglesias Calder\u00f3n, colonia Francisco Villa.<\/p>\n\n\n\n<p>Tercer grado de preescolar (5 a 6 a\u00f1os):<br>\u2013 CAIC Mi Arco\u00edris: Calle Uni\u00f3n 111, esquina con Calle La Cruz, colonia Uni\u00f3n del Recuerdo.<br>\u2013 CAIC Mi Angelito: Prolongaci\u00f3n Monterrey 3920, frente a la Plaza de Toros \u201cLauro Luis Longoria\u201d.<br>\u2013 San Nicol\u00e1s: Vista Jard\u00edn #55, colonia Las Alamedas.<br>\u2013 Centro de Cuidado Diario Infantil (CECUDI): Doroteo Arango 1101, esquina con Joaqu\u00edn \u00c1lvarez e Iglesias Calder\u00f3n, colonia Francisco Villa.<\/p>\n\n\n\n<p>Las inscripciones se realizan de manera directa en cada centro educativo, donde personal del DIF brinda atenci\u00f3n personalizada y acompa\u00f1a a las familias durante todo el proceso.<\/p>\n\n\n\n<p>Con esta convocatoria, el DIF Nuevo Laredo reafirma su compromiso de impulsar el desarrollo integral de la ni\u00f1ez y de ofrecer a las familias servicios educativos accesibles, humanos y de calidad.<\/p>\n","protected":false},"excerpt":{"rendered":"<p>Por: Eduardo Deras | #NuevoLaredo #Laredo #NLD #Tamaulipas Con el prop\u00f3sito de seguir fortaleciendo la educaci\u00f3n inicial y apoyar de manera directa a las familias de la ciudad, el Sistema para el Desarrollo Integral de la Familia (DIF) Nuevo Laredo anunci\u00f3 la apertura de inscripciones para el ciclo escolar 2026\u20132027 en sus centros educativos de &hellip;<\/p>\n","protected":false},"author":1,"featured_media":20021,"comment_status":"open","ping_status":"open","sticky":false,"template":"","format":"standard","meta":{"footnotes":""},"categories":[38],"tags":[],"class_list":["post-20020","post","type-post","status-publish","format-standard","has-post-thumbnail","","category-nuevo-laredo"],"_links":{"self":[{"href":"https:\/\/www.radiointeractivo.com.mx\/index.php?rest_route=\/wp\/v2\/posts\/20020","targetHints":{"allow":["GET"]}}],"collection":[{"href":"https:\/\/www.radiointeractivo.com.mx\/index.php?rest_route=\/wp\/v2\/posts"}],"about":[{"href":"https:\/\/www.radiointeractivo.com.mx\/index.php?rest_route=\/wp\/v2\/types\/post"}],"author":[{"embeddable":true,"href":"https:\/\/www.radiointeractivo.com.mx\/index.php?rest_route=\/wp\/v2\/users\/1"}],"replies":[{"embeddable":true,"href":"https:\/\/www.radiointeractivo.com.mx\/index.php?rest_route=%2Fwp%2Fv2%2Fcomments&post=20020"}],"version-history":[{"count":1,"href":"https:\/\/www.radiointeractivo.com.mx\/index.php?rest_route=\/wp\/v2\/posts\/20020\/revisions"}],"predecessor-version":[{"id":20022,"href":"https:\/\/www.radiointeractivo.com.mx\/index.php?rest_route=\/wp\/v2\/posts\/20020\/revisions\/20022"}],"wp:featuredmedia":[{"embeddable":true,"href":"https:\/\/www.radiointeractivo.com.mx\/index.php?rest_route=\/wp\/v2\/media\/20021"}],"wp:attachment":[{"href":"https:\/\/www.radiointeractivo.com.mx\/index.php?rest_route=%2Fwp%2Fv2%2Fmedia&parent=20020"}],"wp:term":[{"taxonomy":"category","embeddable":true,"href":"https:\/\/www.radiointeractivo.com.mx\/index.php?rest_route=%2Fwp%2Fv2%2Fcategories&post=20020"},{"taxonomy":"post_tag","embeddable":true,"href":"https:\/\/www.radiointeractivo.com.mx\/index.php?rest_route=%2Fwp%2Fv2%2Ftags&post=20020"}],"curies":[{"name":"wp","href":"https:\/\/api.w.org\/{rel}","templated":true}]}}