{"id":2002,"date":"2023-09-24T19:09:58","date_gmt":"2023-09-25T00:09:58","guid":{"rendered":"https:\/\/www.radiointeractivo.com.mx\/?p=2002"},"modified":"2023-09-24T19:09:59","modified_gmt":"2023-09-25T00:09:59","slug":"presenta-gobierno-municipal-rutas-alternas-y-proyecto-de-puente-eva-samano-a-vecinos-comerciantes-e-industriales","status":"publish","type":"post","link":"https:\/\/www.radiointeractivo.com.mx\/?p=2002","title":{"rendered":"PRESENTA GOBIERNO MUNICIPAL RUTAS ALTERNAS Y PROYECTO DE PUENTE EVA S\u00c1MANO A VECINOS, COMERCIANTES E INDUSTRIALES"},"content":{"rendered":"\n<p>Por: Staff | #NuevoLaredo #Tamaulipas<\/p>\n\n\n\n<p>Para prevenir y atender las necesidades que surjan por la construcci\u00f3n del puente por Calzada de los H\u00e9roes y Eva S\u00e1mano, el Gobierno Municipal a trav\u00e9s del personal de la Secretar\u00eda de Obras P\u00fablicas, sostuvieron una reuni\u00f3n con m\u00e1s de 25 comerciantes, vecinos y trabajadores de ese sector para dar a conocer detalles importantes de la obra.<\/p>\n\n\n\n<p>En la junta se notific\u00f3 a los comerciantes que la construcci\u00f3n iniciar\u00e1 en alrededor de dos semanas y tendr\u00e1 una duraci\u00f3n aproximada de ocho meses, tambi\u00e9n que existir\u00e1n rutas alternas y se brindar\u00e1n facilidades para que contin\u00faen con sus actividades diarias sin afectaciones.<\/p>\n\n\n\n<p>El director municipal de Proyectos, Ignacio Qui\u00f1ones Pe\u00f1a, indic\u00f3 que por instrucciones de la alcaldesa Carmen Lilia Canturosas Villarreal, se reunieron con los comerciantes de la zona a trabajar para explicarles a detalle c\u00f3mo ser\u00e1n los pasos a seguir para que no paren de vender y no afectar su econom\u00eda.<\/p>\n\n\n\n<p>\u201cEllos se mostraron a favor del proyecto y lo recibieron de buena manera, fue un trabajo de an\u00e1lisis muy entusiasta para no afectar ese sector y que la ciudadan\u00eda pueda acudir a comercializar en dicha \u00e1rea\u201d, asegur\u00f3.<\/p>\n\n\n\n<p>Por su parte, Juan Eliud Ci\u00e9nega Jurado, presidente de la C\u00e1mara Nacional de Comercio, Servicio y Turismo en Nuevo Laredo (CANACO), reiter\u00f3 la disposici\u00f3n de la Secretar\u00eda de Obras P\u00fablicas y la Direcci\u00f3n de Tr\u00e1nsito y Vialidad para facilitar los accesos hacia los puntos comerciales donde se construir\u00e1 el nuevo puente.<\/p>\n\n\n\n<p>\u201cEn la junta se dio a conocer que colocar\u00e1n una \u00e1rea donde los comerciantes puedan acceder para resolver lo antes posible cualquier anomal\u00eda y los servidores p\u00fablicos tambi\u00e9n se comprometieron a trabajar adecuadamente con el escombro que se genere para no afectar los alrededores\u201d, destac\u00f3.<\/p>\n\n\n\n<p>Representantes de los comerciantes del tianguis conocido como \u201cPulga de los Rieles\u201d de igual manera respaldaron la obra que est\u00e1 por iniciar ya que le dar\u00e1 mayor dinamismo al sector que es uno de los m\u00e1s comerciales.<\/p>\n\n\n\n<p>De igual forma se present\u00f3 una ruta especial para el transporte de personal de las diferentes maquiladoras del lugar, quienes tambi\u00e9n dieron visto bueno al proyecto ya que aseguran se trata de una obra que representa progreso para el poniente de la ciudad.<\/p>\n\n\n\n<p>En la reuni\u00f3n tambi\u00e9n estuvieron presentes gerentes de diferentes cadenas comerciales, de autopartes, restaurantes y farmacias que se ubican por el \u00e1rea, quienes aprobaron las rutas alternas para llegar a sus lugares de trabajo.<\/p>\n\n\n\n<p>La construcci\u00f3n del paso superior vehicular comprende un tramo de 494 metros lineales sobre las colonias Am\u00e9rico Villarreal y Luis Donaldo Colosio, adem\u00e1s beneficiar\u00e1 a 125 mil ciudadanos con una inversi\u00f3n de 139 millones 218 mil 44 pesos.<\/p>\n","protected":false},"excerpt":{"rendered":"<p>Por: Staff | #NuevoLaredo #Tamaulipas Para prevenir y atender las necesidades que surjan por la construcci\u00f3n del puente por Calzada de los H\u00e9roes y Eva S\u00e1mano, el Gobierno Municipal a trav\u00e9s del personal de la Secretar\u00eda de Obras P\u00fablicas, sostuvieron una reuni\u00f3n con m\u00e1s de 25 comerciantes, vecinos y trabajadores de ese sector para dar &hellip;<\/p>\n","protected":false},"author":1,"featured_media":2004,"comment_status":"open","ping_status":"open","sticky":false,"template":"","format":"standard","meta":{"footnotes":""},"categories":[38],"tags":[],"class_list":["post-2002","post","type-post","status-publish","format-standard","has-post-thumbnail","","category-nuevo-laredo"],"_links":{"self":[{"href":"https:\/\/www.radiointeractivo.com.mx\/index.php?rest_route=\/wp\/v2\/posts\/2002","targetHints":{"allow":["GET"]}}],"collection":[{"href":"https:\/\/www.radiointeractivo.com.mx\/index.php?rest_route=\/wp\/v2\/posts"}],"about":[{"href":"https:\/\/www.radiointeractivo.com.mx\/index.php?rest_route=\/wp\/v2\/types\/post"}],"author":[{"embeddable":true,"href":"https:\/\/www.radiointeractivo.com.mx\/index.php?rest_route=\/wp\/v2\/users\/1"}],"replies":[{"embeddable":true,"href":"https:\/\/www.radiointeractivo.com.mx\/index.php?rest_route=%2Fwp%2Fv2%2Fcomments&post=2002"}],"version-history":[{"count":1,"href":"https:\/\/www.radiointeractivo.com.mx\/index.php?rest_route=\/wp\/v2\/posts\/2002\/revisions"}],"predecessor-version":[{"id":2005,"href":"https:\/\/www.radiointeractivo.com.mx\/index.php?rest_route=\/wp\/v2\/posts\/2002\/revisions\/2005"}],"wp:featuredmedia":[{"embeddable":true,"href":"https:\/\/www.radiointeractivo.com.mx\/index.php?rest_route=\/wp\/v2\/media\/2004"}],"wp:attachment":[{"href":"https:\/\/www.radiointeractivo.com.mx\/index.php?rest_route=%2Fwp%2Fv2%2Fmedia&parent=2002"}],"wp:term":[{"taxonomy":"category","embeddable":true,"href":"https:\/\/www.radiointeractivo.com.mx\/index.php?rest_route=%2Fwp%2Fv2%2Fcategories&post=2002"},{"taxonomy":"post_tag","embeddable":true,"href":"https:\/\/www.radiointeractivo.com.mx\/index.php?rest_route=%2Fwp%2Fv2%2Ftags&post=2002"}],"curies":[{"name":"wp","href":"https:\/\/api.w.org\/{rel}","templated":true}]}}