{"id":20000,"date":"2026-01-26T14:25:28","date_gmt":"2026-01-26T20:25:28","guid":{"rendered":"https:\/\/www.radiointeractivo.com.mx\/?p=20000"},"modified":"2026-01-26T14:25:30","modified_gmt":"2026-01-26T20:25:30","slug":"gestion-ambiental-promueve-huertos-urbanos-en-espacio-comunitario-de-nuevo-laredo","status":"publish","type":"post","link":"https:\/\/www.radiointeractivo.com.mx\/?p=20000","title":{"rendered":"Gesti\u00f3n Ambiental promueve huertos urbanos en espacio comunitario de Nuevo Laredo"},"content":{"rendered":"\n<figure class=\"wp-block-image size-large\"><img loading=\"lazy\" decoding=\"async\" width=\"1024\" height=\"768\" src=\"https:\/\/www.radiointeractivo.com.mx\/wp-content\/uploads\/2026\/01\/WhatsApp-Image-2026-01-26-at-1.33.06-PM-1024x768.jpeg\" alt=\"\" class=\"wp-image-20001\" srcset=\"https:\/\/www.radiointeractivo.com.mx\/wp-content\/uploads\/2026\/01\/WhatsApp-Image-2026-01-26-at-1.33.06-PM-1024x768.jpeg 1024w, https:\/\/www.radiointeractivo.com.mx\/wp-content\/uploads\/2026\/01\/WhatsApp-Image-2026-01-26-at-1.33.06-PM-300x225.jpeg 300w, https:\/\/www.radiointeractivo.com.mx\/wp-content\/uploads\/2026\/01\/WhatsApp-Image-2026-01-26-at-1.33.06-PM-768x576.jpeg 768w, https:\/\/www.radiointeractivo.com.mx\/wp-content\/uploads\/2026\/01\/WhatsApp-Image-2026-01-26-at-1.33.06-PM-1536x1152.jpeg 1536w, https:\/\/www.radiointeractivo.com.mx\/wp-content\/uploads\/2026\/01\/WhatsApp-Image-2026-01-26-at-1.33.06-PM.jpeg 1600w\" sizes=\"auto, (max-width: 1024px) 100vw, 1024px\" \/><\/figure>\n\n\n\n<p>Por: Staff | #NuevoLaredo #Laredo #NLD #Tamaulipas<\/p>\n\n\n\n<p>Nuevo Laredo, Tamaulipas.\u2013 En respuesta a una solicitud planteada por habitantes del sector, la Coordinaci\u00f3n General de Gesti\u00f3n Ambiental (CGGA) acudi\u00f3 a las instalaciones de la Cl\u00ednica UNE Uni\u00f3n del Recuerdo para impulsar la creaci\u00f3n de huertos urbanos como una alternativa de participaci\u00f3n comunitaria y aprovechamiento sustentable de los espacios comunes.<\/p>\n\n\n\n<p>Durante la jornada, personal de la dependencia instal\u00f3 cinco cajones de cultivo destinados a la siembra de diversas hortalizas, dando inicio a un proyecto que busca fortalecer la autosuficiencia alimentaria a peque\u00f1a escala y el contacto directo con pr\u00e1cticas ecol\u00f3gicas.<\/p>\n\n\n\n<p>Adem\u00e1s de la instalaci\u00f3n, se brind\u00f3 capacitaci\u00f3n pr\u00e1ctica y acompa\u00f1amiento t\u00e9cnico a las y los participantes, con el fin de garantizar el adecuado desarrollo de los cultivos, as\u00ed como su mantenimiento y cuidado a largo plazo.<\/p>\n\n\n\n<p>La promoci\u00f3n de huertos urbanos no solo incentiva h\u00e1bitos responsables con el medio ambiente, sino que tambi\u00e9n refuerza la convivencia vecinal y el sentido de corresponsabilidad social, al convertir estos espacios en puntos de encuentro y aprendizaje colectivo.<\/p>\n\n\n\n<p>Estas acciones se enmarcan en una pol\u00edtica p\u00fablica orientada al desarrollo sustentable y a la construcci\u00f3n de comunidades m\u00e1s conscientes de su entorno, alineada con la visi\u00f3n de gobierno que encabeza la presidenta municipal Carmen Lilia Canturosas Villarreal, y que busca generar beneficios tangibles para las familias de Nuevo Laredo.<\/p>\n","protected":false},"excerpt":{"rendered":"<p>Por: Staff | #NuevoLaredo #Laredo #NLD #Tamaulipas Nuevo Laredo, Tamaulipas.\u2013 En respuesta a una solicitud planteada por habitantes del sector, la Coordinaci\u00f3n General de Gesti\u00f3n Ambiental (CGGA) acudi\u00f3 a las instalaciones de la Cl\u00ednica UNE Uni\u00f3n del Recuerdo para impulsar la creaci\u00f3n de huertos urbanos como una alternativa de participaci\u00f3n comunitaria y aprovechamiento sustentable de &hellip;<\/p>\n","protected":false},"author":1,"featured_media":20001,"comment_status":"open","ping_status":"open","sticky":false,"template":"","format":"standard","meta":{"footnotes":""},"categories":[38],"tags":[],"class_list":["post-20000","post","type-post","status-publish","format-standard","has-post-thumbnail","","category-nuevo-laredo"],"_links":{"self":[{"href":"https:\/\/www.radiointeractivo.com.mx\/index.php?rest_route=\/wp\/v2\/posts\/20000","targetHints":{"allow":["GET"]}}],"collection":[{"href":"https:\/\/www.radiointeractivo.com.mx\/index.php?rest_route=\/wp\/v2\/posts"}],"about":[{"href":"https:\/\/www.radiointeractivo.com.mx\/index.php?rest_route=\/wp\/v2\/types\/post"}],"author":[{"embeddable":true,"href":"https:\/\/www.radiointeractivo.com.mx\/index.php?rest_route=\/wp\/v2\/users\/1"}],"replies":[{"embeddable":true,"href":"https:\/\/www.radiointeractivo.com.mx\/index.php?rest_route=%2Fwp%2Fv2%2Fcomments&post=20000"}],"version-history":[{"count":1,"href":"https:\/\/www.radiointeractivo.com.mx\/index.php?rest_route=\/wp\/v2\/posts\/20000\/revisions"}],"predecessor-version":[{"id":20002,"href":"https:\/\/www.radiointeractivo.com.mx\/index.php?rest_route=\/wp\/v2\/posts\/20000\/revisions\/20002"}],"wp:featuredmedia":[{"embeddable":true,"href":"https:\/\/www.radiointeractivo.com.mx\/index.php?rest_route=\/wp\/v2\/media\/20001"}],"wp:attachment":[{"href":"https:\/\/www.radiointeractivo.com.mx\/index.php?rest_route=%2Fwp%2Fv2%2Fmedia&parent=20000"}],"wp:term":[{"taxonomy":"category","embeddable":true,"href":"https:\/\/www.radiointeractivo.com.mx\/index.php?rest_route=%2Fwp%2Fv2%2Fcategories&post=20000"},{"taxonomy":"post_tag","embeddable":true,"href":"https:\/\/www.radiointeractivo.com.mx\/index.php?rest_route=%2Fwp%2Fv2%2Ftags&post=20000"}],"curies":[{"name":"wp","href":"https:\/\/api.w.org\/{rel}","templated":true}]}}