{"id":19997,"date":"2026-01-26T14:15:40","date_gmt":"2026-01-26T20:15:40","guid":{"rendered":"https:\/\/www.radiointeractivo.com.mx\/?p=19997"},"modified":"2026-01-26T14:15:43","modified_gmt":"2026-01-26T20:15:43","slug":"proteccion-civil-activa-operativo-carrusel-en-nuevo-laredo-ante-descenso-de-temperaturas","status":"publish","type":"post","link":"https:\/\/www.radiointeractivo.com.mx\/?p=19997","title":{"rendered":"Protecci\u00f3n Civil activa Operativo Carrusel en Nuevo Laredo ante descenso de temperaturas"},"content":{"rendered":"\n<figure class=\"wp-block-image size-large\"><img loading=\"lazy\" decoding=\"async\" width=\"1024\" height=\"771\" src=\"https:\/\/www.radiointeractivo.com.mx\/wp-content\/uploads\/2026\/01\/WhatsApp-Image-2026-01-26-at-1.20.41-PM-1-1024x771.jpeg\" alt=\"\" class=\"wp-image-19998\" srcset=\"https:\/\/www.radiointeractivo.com.mx\/wp-content\/uploads\/2026\/01\/WhatsApp-Image-2026-01-26-at-1.20.41-PM-1-1024x771.jpeg 1024w, https:\/\/www.radiointeractivo.com.mx\/wp-content\/uploads\/2026\/01\/WhatsApp-Image-2026-01-26-at-1.20.41-PM-1-300x226.jpeg 300w, https:\/\/www.radiointeractivo.com.mx\/wp-content\/uploads\/2026\/01\/WhatsApp-Image-2026-01-26-at-1.20.41-PM-1-768x578.jpeg 768w, https:\/\/www.radiointeractivo.com.mx\/wp-content\/uploads\/2026\/01\/WhatsApp-Image-2026-01-26-at-1.20.41-PM-1.jpeg 1440w\" sizes=\"auto, (max-width: 1024px) 100vw, 1024px\" \/><\/figure>\n\n\n\n<p>Por: Fernanda Valtierra | #NuevoLaredo #Laredo #NLD #Tamaulipas<\/p>\n\n\n\n<p>Nuevo Laredo, Tamaulipas.\u2013 Frente a las bajas temperaturas registradas en la ciudad, la Direcci\u00f3n de Protecci\u00f3n Civil y Bomberos de Nuevo Laredo despleg\u00f3 el Operativo Carrusel, una estrategia preventiva orientada a salvaguardar a personas en condici\u00f3n de vulnerabilidad.<\/p>\n\n\n\n<p>Las acciones incluyeron recorridos focalizados en plazas p\u00fablicas, avenidas principales y zonas de alta concentraci\u00f3n peatonal. Durante los patrullajes, personal de la corporaci\u00f3n entreg\u00f3 alimentos calientes, pan y cobijas, adem\u00e1s de ofrecer traslado a los albergues municipales a quienes as\u00ed lo requirieran.<\/p>\n\n\n\n<p>El titular de Protecci\u00f3n Civil y Bomberos, Humberto Fern\u00e1ndez Diez de Pinos, explic\u00f3 que estas labores buscan reducir riesgos a la salud y preservar la integridad de quienes permanecen a la intemperie. \u201cLa prioridad es brindar apoyo humanitario y prevenir incidentes derivados de la exposici\u00f3n al fr\u00edo, por eso reforzamos la presencia en distintos sectores de la ciudad\u201d, puntualiz\u00f3.<\/p>\n\n\n\n<p>Entre los puntos atendidos se encuentran el cruce de Doctor Mier y Tom\u00e1s F. de la Garza, donde se apoy\u00f3 a una persona con alimento caliente y abrigo; as\u00ed como el \u00e1rea del Hospital General, donde se ofreci\u00f3 pan y caf\u00e9 a familiares de pacientes. En la zona de Guerrero y H\u00e9roe de Nacataz, cinco personas recibieron asistencia, aunque optaron por no ser trasladadas a un albergue.<\/p>\n\n\n\n<p>En contraste, durante las inspecciones realizadas en plazas como Ju\u00e1rez, Hidalgo, M\u00e9xico, Primero de Mayo, de los Insurgentes y Zaragoza, no se detectaron personas en situaci\u00f3n de riesgo. Al cierre del operativo se contabilizaron 35 apoyos otorgados.<\/p>\n\n\n\n<p>Protecci\u00f3n Civil inform\u00f3 adem\u00e1s que no se registraron afectaciones por cristalizaci\u00f3n en puentes ni en vialidades estrat\u00e9gicas, entre ellas Puente Madero, Colosio, Viveros, Transformaci\u00f3n, Corona, Monterrey, Carretera al Aeropuerto, H\u00e9roe de Nacataz y diversos pasos a desnivel.<\/p>\n\n\n\n<p>La dependencia reiter\u00f3 que mantendr\u00e1 vigilancia permanente mientras persistan las condiciones climatol\u00f3gicas adversas y exhort\u00f3 a la poblaci\u00f3n a reportar cualquier emergencia o situaci\u00f3n de riesgo a los n\u00fameros oficiales de auxilio.<\/p>\n","protected":false},"excerpt":{"rendered":"<p>Por: Fernanda Valtierra | #NuevoLaredo #Laredo #NLD #Tamaulipas Nuevo Laredo, Tamaulipas.\u2013 Frente a las bajas temperaturas registradas en la ciudad, la Direcci\u00f3n de Protecci\u00f3n Civil y Bomberos de Nuevo Laredo despleg\u00f3 el Operativo Carrusel, una estrategia preventiva orientada a salvaguardar a personas en condici\u00f3n de vulnerabilidad. Las acciones incluyeron recorridos focalizados en plazas p\u00fablicas, avenidas &hellip;<\/p>\n","protected":false},"author":1,"featured_media":19998,"comment_status":"open","ping_status":"open","sticky":false,"template":"","format":"standard","meta":{"footnotes":""},"categories":[38],"tags":[],"class_list":["post-19997","post","type-post","status-publish","format-standard","has-post-thumbnail","","category-nuevo-laredo"],"_links":{"self":[{"href":"https:\/\/www.radiointeractivo.com.mx\/index.php?rest_route=\/wp\/v2\/posts\/19997","targetHints":{"allow":["GET"]}}],"collection":[{"href":"https:\/\/www.radiointeractivo.com.mx\/index.php?rest_route=\/wp\/v2\/posts"}],"about":[{"href":"https:\/\/www.radiointeractivo.com.mx\/index.php?rest_route=\/wp\/v2\/types\/post"}],"author":[{"embeddable":true,"href":"https:\/\/www.radiointeractivo.com.mx\/index.php?rest_route=\/wp\/v2\/users\/1"}],"replies":[{"embeddable":true,"href":"https:\/\/www.radiointeractivo.com.mx\/index.php?rest_route=%2Fwp%2Fv2%2Fcomments&post=19997"}],"version-history":[{"count":1,"href":"https:\/\/www.radiointeractivo.com.mx\/index.php?rest_route=\/wp\/v2\/posts\/19997\/revisions"}],"predecessor-version":[{"id":19999,"href":"https:\/\/www.radiointeractivo.com.mx\/index.php?rest_route=\/wp\/v2\/posts\/19997\/revisions\/19999"}],"wp:featuredmedia":[{"embeddable":true,"href":"https:\/\/www.radiointeractivo.com.mx\/index.php?rest_route=\/wp\/v2\/media\/19998"}],"wp:attachment":[{"href":"https:\/\/www.radiointeractivo.com.mx\/index.php?rest_route=%2Fwp%2Fv2%2Fmedia&parent=19997"}],"wp:term":[{"taxonomy":"category","embeddable":true,"href":"https:\/\/www.radiointeractivo.com.mx\/index.php?rest_route=%2Fwp%2Fv2%2Fcategories&post=19997"},{"taxonomy":"post_tag","embeddable":true,"href":"https:\/\/www.radiointeractivo.com.mx\/index.php?rest_route=%2Fwp%2Fv2%2Ftags&post=19997"}],"curies":[{"name":"wp","href":"https:\/\/api.w.org\/{rel}","templated":true}]}}