{"id":19993,"date":"2026-01-25T18:41:39","date_gmt":"2026-01-26T00:41:39","guid":{"rendered":"https:\/\/www.radiointeractivo.com.mx\/?p=19993"},"modified":"2026-01-25T18:41:42","modified_gmt":"2026-01-26T00:41:42","slug":"ricky-garcia-presenta-en-nuevo-laredo-su-libro-menos-drama-mas-paz-en-un-momento-clave-de-su-trayectoria-internacional","status":"publish","type":"post","link":"https:\/\/www.radiointeractivo.com.mx\/?p=19993","title":{"rendered":"Ricky Garc\u00eda presenta en Nuevo Laredo su libro Menos drama, m\u00e1s paz, en un momento clave de su trayectoria internacional"},"content":{"rendered":"\n<figure class=\"wp-block-image size-large\"><img loading=\"lazy\" decoding=\"async\" width=\"683\" height=\"1024\" src=\"https:\/\/www.radiointeractivo.com.mx\/wp-content\/uploads\/2026\/01\/WhatsApp-Image-2026-01-24-at-1.43.34-PM-683x1024.jpeg\" alt=\"\" class=\"wp-image-19994\" srcset=\"https:\/\/www.radiointeractivo.com.mx\/wp-content\/uploads\/2026\/01\/WhatsApp-Image-2026-01-24-at-1.43.34-PM-683x1024.jpeg 683w, https:\/\/www.radiointeractivo.com.mx\/wp-content\/uploads\/2026\/01\/WhatsApp-Image-2026-01-24-at-1.43.34-PM-200x300.jpeg 200w, https:\/\/www.radiointeractivo.com.mx\/wp-content\/uploads\/2026\/01\/WhatsApp-Image-2026-01-24-at-1.43.34-PM.jpeg 768w\" sizes=\"auto, (max-width: 683px) 100vw, 683px\" \/><\/figure>\n\n\n\n<p>Por: Luis Hern\u00e1ndez | #NuevoLaredo #Laredo #NLD #Tamaulipas<\/p>\n\n\n\n<p>La Direcci\u00f3n de Arte y Cultura del Gobierno Municipal de Nuevo Laredo convoca a la ciudadan\u00eda a la presentaci\u00f3n del libro Menos drama, m\u00e1s paz, del escritor y artista neolaredense Ricky Garc\u00eda, quien atraviesa uno de los episodios m\u00e1s relevantes de su carrera tras su reciente nominaci\u00f3n al \u00d3scar 2026.<\/p>\n\n\n\n<p>La cita es el mi\u00e9rcoles 29 de enero, a las 7:00 de la noche, en el Auditorio de Estaci\u00f3n Palabra, ubicado en avenida C\u00e9sar L\u00f3pez de Lara 1020, en el sector Centro. En este espacio, el autor dialogar\u00e1 con el p\u00fablico sobre una obra que propone reflexiones en torno a la serenidad, el equilibrio emocional y la construcci\u00f3n de una vida m\u00e1s consciente, alejada del conflicto innecesario.<\/p>\n\n\n\n<p>La presentaci\u00f3n adquiere un matiz especial al coincidir con el reconocimiento otorgado por la Academia de Artes y Ciencias Cinematogr\u00e1ficas, que nomin\u00f3 a Ricky Garc\u00eda en la categor\u00eda de Mejores Efectos Visuales por su participaci\u00f3n en la pel\u00edcula The Lost Bus, una producci\u00f3n que recrea los incendios registrados en California en 2018 y que lo posiciona entre los creadores mexicanos con mayor proyecci\u00f3n en la industria cinematogr\u00e1fica internacional.<\/p>\n\n\n\n<p>Originario de Nuevo Laredo, Garc\u00eda ha desarrollado una carrera s\u00f3lida en Hollywood, colaborando tambi\u00e9n en proyectos como Marty Supreme, donde ha destacado por su creatividad y aportaciones t\u00e9cnicas en el campo de los efectos visuales, consolidando una trayectoria que hoy trasciende fronteras.<\/p>\n\n\n\n<p>La Direcci\u00f3n de Arte y Cultura subray\u00f3 que este encuentro representa una oportunidad para celebrar el talento local y el v\u00ednculo entre la literatura, el arte y el orgullo de contar con creadores que llevan el nombre de Nuevo Laredo a escenarios de alcance global. La entrada ser\u00e1 libre para todo el p\u00fablico.<\/p>\n","protected":false},"excerpt":{"rendered":"<p>Por: Luis Hern\u00e1ndez | #NuevoLaredo #Laredo #NLD #Tamaulipas La Direcci\u00f3n de Arte y Cultura del Gobierno Municipal de Nuevo Laredo convoca a la ciudadan\u00eda a la presentaci\u00f3n del libro Menos drama, m\u00e1s paz, del escritor y artista neolaredense Ricky Garc\u00eda, quien atraviesa uno de los episodios m\u00e1s relevantes de su carrera tras su reciente nominaci\u00f3n &hellip;<\/p>\n","protected":false},"author":1,"featured_media":19995,"comment_status":"open","ping_status":"open","sticky":false,"template":"","format":"standard","meta":{"footnotes":""},"categories":[38],"tags":[],"class_list":["post-19993","post","type-post","status-publish","format-standard","has-post-thumbnail","","category-nuevo-laredo"],"_links":{"self":[{"href":"https:\/\/www.radiointeractivo.com.mx\/index.php?rest_route=\/wp\/v2\/posts\/19993","targetHints":{"allow":["GET"]}}],"collection":[{"href":"https:\/\/www.radiointeractivo.com.mx\/index.php?rest_route=\/wp\/v2\/posts"}],"about":[{"href":"https:\/\/www.radiointeractivo.com.mx\/index.php?rest_route=\/wp\/v2\/types\/post"}],"author":[{"embeddable":true,"href":"https:\/\/www.radiointeractivo.com.mx\/index.php?rest_route=\/wp\/v2\/users\/1"}],"replies":[{"embeddable":true,"href":"https:\/\/www.radiointeractivo.com.mx\/index.php?rest_route=%2Fwp%2Fv2%2Fcomments&post=19993"}],"version-history":[{"count":1,"href":"https:\/\/www.radiointeractivo.com.mx\/index.php?rest_route=\/wp\/v2\/posts\/19993\/revisions"}],"predecessor-version":[{"id":19996,"href":"https:\/\/www.radiointeractivo.com.mx\/index.php?rest_route=\/wp\/v2\/posts\/19993\/revisions\/19996"}],"wp:featuredmedia":[{"embeddable":true,"href":"https:\/\/www.radiointeractivo.com.mx\/index.php?rest_route=\/wp\/v2\/media\/19995"}],"wp:attachment":[{"href":"https:\/\/www.radiointeractivo.com.mx\/index.php?rest_route=%2Fwp%2Fv2%2Fmedia&parent=19993"}],"wp:term":[{"taxonomy":"category","embeddable":true,"href":"https:\/\/www.radiointeractivo.com.mx\/index.php?rest_route=%2Fwp%2Fv2%2Fcategories&post=19993"},{"taxonomy":"post_tag","embeddable":true,"href":"https:\/\/www.radiointeractivo.com.mx\/index.php?rest_route=%2Fwp%2Fv2%2Ftags&post=19993"}],"curies":[{"name":"wp","href":"https:\/\/api.w.org\/{rel}","templated":true}]}}