{"id":19989,"date":"2026-01-23T15:59:12","date_gmt":"2026-01-23T21:59:12","guid":{"rendered":"https:\/\/www.radiointeractivo.com.mx\/?p=19989"},"modified":"2026-01-23T15:59:14","modified_gmt":"2026-01-23T21:59:14","slug":"visita-presidencial-refrenda-a-nuevo-laredo-como-socio-clave-del-gobierno-de-mexico","status":"publish","type":"post","link":"https:\/\/www.radiointeractivo.com.mx\/?p=19989","title":{"rendered":"Visita presidencial refrenda a Nuevo Laredo como socio clave del Gobierno de M\u00e9xico"},"content":{"rendered":"\n<figure class=\"wp-block-image size-large\"><img loading=\"lazy\" decoding=\"async\" width=\"1024\" height=\"748\" src=\"https:\/\/www.radiointeractivo.com.mx\/wp-content\/uploads\/2026\/01\/WhatsApp-Image-2026-01-23-at-1.57.22-PM-1024x748.jpeg\" alt=\"\" class=\"wp-image-19990\" srcset=\"https:\/\/www.radiointeractivo.com.mx\/wp-content\/uploads\/2026\/01\/WhatsApp-Image-2026-01-23-at-1.57.22-PM-1024x748.jpeg 1024w, https:\/\/www.radiointeractivo.com.mx\/wp-content\/uploads\/2026\/01\/WhatsApp-Image-2026-01-23-at-1.57.22-PM-300x219.jpeg 300w, https:\/\/www.radiointeractivo.com.mx\/wp-content\/uploads\/2026\/01\/WhatsApp-Image-2026-01-23-at-1.57.22-PM-768x561.jpeg 768w, https:\/\/www.radiointeractivo.com.mx\/wp-content\/uploads\/2026\/01\/WhatsApp-Image-2026-01-23-at-1.57.22-PM.jpeg 1078w\" sizes=\"auto, (max-width: 1024px) 100vw, 1024px\" \/><\/figure>\n\n\n\n<p>Por: Staff | #NuevoLaredo #Laredo #NLD #Tamaulipas<\/p>\n\n\n\n<p>Nuevo Laredo vuelve a figurar en la agenda nacional con la visita de la presidenta de M\u00e9xico, Claudia Sheinbaum Pardo, quien este domingo encabezar\u00e1 la inauguraci\u00f3n de la Agencia Nacional de Aduanas de M\u00e9xico (ANAM), acompa\u00f1ada por el gobernador de Tamaulipas, Am\u00e9rico Villarreal Anaya. Se trata de una obra estrat\u00e9gica que consolida a esta frontera como pieza central del comercio exterior y la log\u00edstica del pa\u00eds.<\/p>\n\n\n\n<p>La alcaldesa Carmen Lilia Canturosas Villarreal subray\u00f3 que la presencia de la mandataria federal es un reconocimiento al papel que hist\u00f3ricamente ha desempe\u00f1ado Nuevo Laredo como el principal puerto terrestre de M\u00e9xico, as\u00ed como a la relaci\u00f3n institucional que la ciudad mantiene con el Gobierno de la Rep\u00fablica.<\/p>\n\n\n\n<p>Para la presidenta municipal, la inauguraci\u00f3n de la nueva sede de la ANAM es motivo de orgullo para la comunidad. Destac\u00f3 que se trata de un complejo moderno y funcional, ubicado sobre el bulevar Luis Donaldo Colosio, que fortalece la infraestructura aduanera y posiciona a Nuevo Laredo como un referente nacional e internacional en materia de comercio, seguridad y operaci\u00f3n log\u00edstica.<\/p>\n\n\n\n<p>Canturosas Villarreal enfatiz\u00f3 que este proyecto es resultado del trabajo coordinado entre los tres \u00f3rdenes de gobierno, una colaboraci\u00f3n que ha permitido concretar acciones estrat\u00e9gicas en beneficio del desarrollo regional. Se\u00f1al\u00f3 que la visita presidencial tambi\u00e9n abrir\u00e1 espacio para plantear temas prioritarios para la ciudad, entre ellos el fortalecimiento de la infraestructura hospitalaria, la mejora de los servicios de salud y el impulso a proyectos que requieren respaldo federal.<\/p>\n\n\n\n<p>En ese contexto, record\u00f3 que el municipio ha cumplido con su parte en obras de competencia federal, como la carretera An\u00e1huac, ya concluida, lo que \u2014dijo\u2014 demuestra que cuando existe voluntad y coordinaci\u00f3n, los resultados se reflejan en beneficio de la poblaci\u00f3n.<\/p>\n\n\n\n<p>Durante la jornada, a\u00f1adi\u00f3, tambi\u00e9n se abordar\u00e1n asuntos relacionados con seguridad y se presentar\u00e1n proyectos estrat\u00e9gicos orientados a mantener a Nuevo Laredo como una ciudad competitiva, con visi\u00f3n de largo plazo y capacidad para seguir atrayendo inversi\u00f3n.<\/p>\n\n\n\n<p>Con la puesta en marcha de la Agencia Nacional de Aduanas de M\u00e9xico, Nuevo Laredo refuerza su posici\u00f3n como la capital aduanera del pa\u00eds y se consolida como un aliado estrat\u00e9gico del Gobierno Federal, pieza clave en el engranaje del comercio internacional y del crecimiento econ\u00f3mico nacional.<\/p>\n","protected":false},"excerpt":{"rendered":"<p>Por: Staff | #NuevoLaredo #Laredo #NLD #Tamaulipas Nuevo Laredo vuelve a figurar en la agenda nacional con la visita de la presidenta de M\u00e9xico, Claudia Sheinbaum Pardo, quien este domingo encabezar\u00e1 la inauguraci\u00f3n de la Agencia Nacional de Aduanas de M\u00e9xico (ANAM), acompa\u00f1ada por el gobernador de Tamaulipas, Am\u00e9rico Villarreal Anaya. Se trata de una &hellip;<\/p>\n","protected":false},"author":1,"featured_media":19990,"comment_status":"open","ping_status":"open","sticky":false,"template":"","format":"standard","meta":{"footnotes":""},"categories":[38],"tags":[],"class_list":["post-19989","post","type-post","status-publish","format-standard","has-post-thumbnail","","category-nuevo-laredo"],"_links":{"self":[{"href":"https:\/\/www.radiointeractivo.com.mx\/index.php?rest_route=\/wp\/v2\/posts\/19989","targetHints":{"allow":["GET"]}}],"collection":[{"href":"https:\/\/www.radiointeractivo.com.mx\/index.php?rest_route=\/wp\/v2\/posts"}],"about":[{"href":"https:\/\/www.radiointeractivo.com.mx\/index.php?rest_route=\/wp\/v2\/types\/post"}],"author":[{"embeddable":true,"href":"https:\/\/www.radiointeractivo.com.mx\/index.php?rest_route=\/wp\/v2\/users\/1"}],"replies":[{"embeddable":true,"href":"https:\/\/www.radiointeractivo.com.mx\/index.php?rest_route=%2Fwp%2Fv2%2Fcomments&post=19989"}],"version-history":[{"count":1,"href":"https:\/\/www.radiointeractivo.com.mx\/index.php?rest_route=\/wp\/v2\/posts\/19989\/revisions"}],"predecessor-version":[{"id":19991,"href":"https:\/\/www.radiointeractivo.com.mx\/index.php?rest_route=\/wp\/v2\/posts\/19989\/revisions\/19991"}],"wp:featuredmedia":[{"embeddable":true,"href":"https:\/\/www.radiointeractivo.com.mx\/index.php?rest_route=\/wp\/v2\/media\/19990"}],"wp:attachment":[{"href":"https:\/\/www.radiointeractivo.com.mx\/index.php?rest_route=%2Fwp%2Fv2%2Fmedia&parent=19989"}],"wp:term":[{"taxonomy":"category","embeddable":true,"href":"https:\/\/www.radiointeractivo.com.mx\/index.php?rest_route=%2Fwp%2Fv2%2Fcategories&post=19989"},{"taxonomy":"post_tag","embeddable":true,"href":"https:\/\/www.radiointeractivo.com.mx\/index.php?rest_route=%2Fwp%2Fv2%2Ftags&post=19989"}],"curies":[{"name":"wp","href":"https:\/\/api.w.org\/{rel}","templated":true}]}}