{"id":19986,"date":"2026-01-23T15:44:00","date_gmt":"2026-01-23T21:44:00","guid":{"rendered":"https:\/\/www.radiointeractivo.com.mx\/?p=19986"},"modified":"2026-01-23T15:44:02","modified_gmt":"2026-01-23T21:44:02","slug":"refuerza-gobierno-municipal-medidas-preventivas-ante-descenso-de-temperaturas-en-nuevo-laredo","status":"publish","type":"post","link":"https:\/\/www.radiointeractivo.com.mx\/?p=19986","title":{"rendered":"Refuerza Gobierno Municipal medidas preventivas ante descenso de temperaturas en Nuevo Laredo"},"content":{"rendered":"\n<figure class=\"wp-block-image size-large\"><img loading=\"lazy\" decoding=\"async\" width=\"1024\" height=\"684\" src=\"https:\/\/www.radiointeractivo.com.mx\/wp-content\/uploads\/2026\/01\/WhatsApp-Image-2026-01-23-at-1.01.45-PM-1024x684.jpeg\" alt=\"\" class=\"wp-image-19987\" srcset=\"https:\/\/www.radiointeractivo.com.mx\/wp-content\/uploads\/2026\/01\/WhatsApp-Image-2026-01-23-at-1.01.45-PM-1024x684.jpeg 1024w, https:\/\/www.radiointeractivo.com.mx\/wp-content\/uploads\/2026\/01\/WhatsApp-Image-2026-01-23-at-1.01.45-PM-300x200.jpeg 300w, https:\/\/www.radiointeractivo.com.mx\/wp-content\/uploads\/2026\/01\/WhatsApp-Image-2026-01-23-at-1.01.45-PM-768x513.jpeg 768w, https:\/\/www.radiointeractivo.com.mx\/wp-content\/uploads\/2026\/01\/WhatsApp-Image-2026-01-23-at-1.01.45-PM-1536x1026.jpeg 1536w, https:\/\/www.radiointeractivo.com.mx\/wp-content\/uploads\/2026\/01\/WhatsApp-Image-2026-01-23-at-1.01.45-PM.jpeg 1600w\" sizes=\"auto, (max-width: 1024px) 100vw, 1024px\" \/><\/figure>\n\n\n\n<p>Por: Staff | #NuevoLaredo #Laredo #NLD #Tamaulipas<\/p>\n\n\n\n<p>Ante el ingreso de un frente fr\u00edo que traer\u00e1 consigo temperaturas bajas en la regi\u00f3n, el Gobierno Municipal de Nuevo Laredo emiti\u00f3 una serie de recomendaciones dirigidas a la poblaci\u00f3n, con el prop\u00f3sito de reducir riesgos y proteger la salud de las familias durante este periodo invernal.<\/p>\n\n\n\n<p>El director de Protecci\u00f3n Civil y Bomberos, Humberto Fern\u00e1ndez Diez de Pinos, inform\u00f3 que los pron\u00f3sticos advierten m\u00ednimas que podr\u00edan ubicarse entre 1 y 3 grados cent\u00edgrados, por lo que insisti\u00f3 en la importancia de seguir las indicaciones oficiales y mantenerse atentos a los avisos difundidos por los canales institucionales.<\/p>\n\n\n\n<p>El funcionario exhort\u00f3 a la ciudadan\u00eda a abrigarse de manera adecuada, evitar exposiciones prolongadas al fr\u00edo y extremar cuidados en ni\u00f1as, ni\u00f1os, adultos mayores y personas con padecimientos cr\u00f3nicos. Asimismo, advirti\u00f3 sobre el uso de anafres, braseros o calentadores de combusti\u00f3n dentro de las viviendas, al tratarse de una de las principales causas de intoxicaci\u00f3n por mon\u00f3xido de carbono durante la temporada.<\/p>\n\n\n\n<p>Por indicaciones de la presidenta municipal Carmen Lilia Canturosas Villarreal, el municipio mantiene listos los albergues temporales para atender a personas en situaci\u00f3n de calle o a familias que requieran resguardo ante las bajas temperaturas. Estos espacios se habilitan de acuerdo con las condiciones clim\u00e1ticas y la demanda, adem\u00e1s del Refugio Temporal ubicado en la calle Madero, que opera de manera permanente a lo largo del a\u00f1o.<\/p>\n\n\n\n<p>Los albergues cuentan con calefacci\u00f3n, colchonetas, cobijas, alimentos calientes y atenci\u00f3n b\u00e1sica, en un esfuerzo coordinado entre Protecci\u00f3n Civil, el Sistema DIF y personal de salud, con el fin de ofrecer un resguardo seguro y digno.<\/p>\n\n\n\n<p>Fern\u00e1ndez Diez de Pinos tambi\u00e9n solicit\u00f3 la colaboraci\u00f3n ciudadana para reportar de inmediato al 911 o a Protecci\u00f3n Civil cualquier caso de personas expuestas al fr\u00edo, a fin de brindar apoyo oportuno y prevenir situaciones de riesgo.<\/p>\n\n\n\n<p>En paralelo, la Comisi\u00f3n Municipal de Agua Potable y Alcantarillado (COMAPA) emiti\u00f3 recomendaciones para evitar da\u00f1os en la red dom\u00e9stica, entre ellas proteger las tuber\u00edas expuestas con material aislante como hule espuma, cart\u00f3n o telas gruesas; desconectar mangueras durante la noche; permitir un ligero flujo de agua en caso de temperaturas extremas; revisar tinacos y llaves exteriores, y reportar de inmediato cualquier ruptura o fuga a las autoridades correspondientes.<\/p>\n","protected":false},"excerpt":{"rendered":"<p>Por: Staff | #NuevoLaredo #Laredo #NLD #Tamaulipas Ante el ingreso de un frente fr\u00edo que traer\u00e1 consigo temperaturas bajas en la regi\u00f3n, el Gobierno Municipal de Nuevo Laredo emiti\u00f3 una serie de recomendaciones dirigidas a la poblaci\u00f3n, con el prop\u00f3sito de reducir riesgos y proteger la salud de las familias durante este periodo invernal. El &hellip;<\/p>\n","protected":false},"author":1,"featured_media":19987,"comment_status":"open","ping_status":"open","sticky":false,"template":"","format":"standard","meta":{"footnotes":""},"categories":[38],"tags":[],"class_list":["post-19986","post","type-post","status-publish","format-standard","has-post-thumbnail","","category-nuevo-laredo"],"_links":{"self":[{"href":"https:\/\/www.radiointeractivo.com.mx\/index.php?rest_route=\/wp\/v2\/posts\/19986","targetHints":{"allow":["GET"]}}],"collection":[{"href":"https:\/\/www.radiointeractivo.com.mx\/index.php?rest_route=\/wp\/v2\/posts"}],"about":[{"href":"https:\/\/www.radiointeractivo.com.mx\/index.php?rest_route=\/wp\/v2\/types\/post"}],"author":[{"embeddable":true,"href":"https:\/\/www.radiointeractivo.com.mx\/index.php?rest_route=\/wp\/v2\/users\/1"}],"replies":[{"embeddable":true,"href":"https:\/\/www.radiointeractivo.com.mx\/index.php?rest_route=%2Fwp%2Fv2%2Fcomments&post=19986"}],"version-history":[{"count":1,"href":"https:\/\/www.radiointeractivo.com.mx\/index.php?rest_route=\/wp\/v2\/posts\/19986\/revisions"}],"predecessor-version":[{"id":19988,"href":"https:\/\/www.radiointeractivo.com.mx\/index.php?rest_route=\/wp\/v2\/posts\/19986\/revisions\/19988"}],"wp:featuredmedia":[{"embeddable":true,"href":"https:\/\/www.radiointeractivo.com.mx\/index.php?rest_route=\/wp\/v2\/media\/19987"}],"wp:attachment":[{"href":"https:\/\/www.radiointeractivo.com.mx\/index.php?rest_route=%2Fwp%2Fv2%2Fmedia&parent=19986"}],"wp:term":[{"taxonomy":"category","embeddable":true,"href":"https:\/\/www.radiointeractivo.com.mx\/index.php?rest_route=%2Fwp%2Fv2%2Fcategories&post=19986"},{"taxonomy":"post_tag","embeddable":true,"href":"https:\/\/www.radiointeractivo.com.mx\/index.php?rest_route=%2Fwp%2Fv2%2Ftags&post=19986"}],"curies":[{"name":"wp","href":"https:\/\/api.w.org\/{rel}","templated":true}]}}