{"id":19983,"date":"2026-01-23T15:38:27","date_gmt":"2026-01-23T21:38:27","guid":{"rendered":"https:\/\/www.radiointeractivo.com.mx\/?p=19983"},"modified":"2026-01-23T15:38:29","modified_gmt":"2026-01-23T21:38:29","slug":"convoca-gobierno-municipal-a-emprendedores-a-sumarse-al-bazar-san-valentin","status":"publish","type":"post","link":"https:\/\/www.radiointeractivo.com.mx\/?p=19983","title":{"rendered":"Convoca Gobierno Municipal a emprendedores a sumarse al Bazar San Valent\u00edn"},"content":{"rendered":"\n<figure class=\"wp-block-image size-large\"><img loading=\"lazy\" decoding=\"async\" width=\"1024\" height=\"682\" src=\"https:\/\/www.radiointeractivo.com.mx\/wp-content\/uploads\/2026\/01\/WhatsApp-Image-2026-01-23-at-12.05.32-PM-1-1024x682.jpeg\" alt=\"\" class=\"wp-image-19984\" srcset=\"https:\/\/www.radiointeractivo.com.mx\/wp-content\/uploads\/2026\/01\/WhatsApp-Image-2026-01-23-at-12.05.32-PM-1-1024x682.jpeg 1024w, https:\/\/www.radiointeractivo.com.mx\/wp-content\/uploads\/2026\/01\/WhatsApp-Image-2026-01-23-at-12.05.32-PM-1-300x200.jpeg 300w, https:\/\/www.radiointeractivo.com.mx\/wp-content\/uploads\/2026\/01\/WhatsApp-Image-2026-01-23-at-12.05.32-PM-1-768x512.jpeg 768w, https:\/\/www.radiointeractivo.com.mx\/wp-content\/uploads\/2026\/01\/WhatsApp-Image-2026-01-23-at-12.05.32-PM-1-1536x1023.jpeg 1536w, https:\/\/www.radiointeractivo.com.mx\/wp-content\/uploads\/2026\/01\/WhatsApp-Image-2026-01-23-at-12.05.32-PM-1-310x205.jpeg 310w, https:\/\/www.radiointeractivo.com.mx\/wp-content\/uploads\/2026\/01\/WhatsApp-Image-2026-01-23-at-12.05.32-PM-1.jpeg 1600w\" sizes=\"auto, (max-width: 1024px) 100vw, 1024px\" \/><\/figure>\n\n\n\n<p>Por: Staff | #NuevoLaredo #Laredo #NLD #Tamaulipas<\/p>\n\n\n\n<p>Con la intenci\u00f3n de abrir m\u00e1s espacios para el comercio local y fortalecer a los peque\u00f1os negocios de la ciudad, la Secretar\u00eda de Bienestar Social lanz\u00f3 la invitaci\u00f3n a emprendedoras y emprendedores para participar como expositores en el Bazar San Valent\u00edn, una iniciativa que se ha consolidado como plataforma de impulso econ\u00f3mico y convivencia familiar.<\/p>\n\n\n\n<p>Este tipo de encuentros, promovidos por la dependencia municipal, han registrado una amplia respuesta por parte de la ciudadan\u00eda en ediciones anteriores, al reunir a cientos de familias en un ambiente accesible y ordenado, propicio para la exhibici\u00f3n y venta de productos elaborados en la regi\u00f3n, adem\u00e1s de fomentar el consumo local.<\/p>\n\n\n\n<p>La convocatoria para quienes deseen instalar un espacio como expositores estar\u00e1 abierta a partir del viernes 23 de enero, desde las 8:30 horas. El registro se realizar\u00e1 en l\u00ednea, con el objetivo de agilizar el proceso y garantizar una organizaci\u00f3n eficiente del evento.<\/p>\n\n\n\n<p>El Bazar San Valent\u00edn se desarrollar\u00e1 el pr\u00f3ximo 7 de febrero en la Plaza Zaragoza, en un horario de 16:00 a 21:00 horas, donde el p\u00fablico podr\u00e1 encontrar una variada oferta de art\u00edculos, propuestas creativas y alternativas pensadas especialmente para la celebraci\u00f3n del D\u00eda del Amor y la Amistad.<\/p>\n\n\n\n<p>Las personas interesadas en participar pueden consultar el enlace de inscripci\u00f3n disponible en la informaci\u00f3n oficial del evento y formar parte de este esfuerzo que busca seguir fortaleciendo el emprendimiento local y la econom\u00eda comunitaria.<\/p>\n","protected":false},"excerpt":{"rendered":"<p>Por: Staff | #NuevoLaredo #Laredo #NLD #Tamaulipas Con la intenci\u00f3n de abrir m\u00e1s espacios para el comercio local y fortalecer a los peque\u00f1os negocios de la ciudad, la Secretar\u00eda de Bienestar Social lanz\u00f3 la invitaci\u00f3n a emprendedoras y emprendedores para participar como expositores en el Bazar San Valent\u00edn, una iniciativa que se ha consolidado como &hellip;<\/p>\n","protected":false},"author":1,"featured_media":19984,"comment_status":"open","ping_status":"open","sticky":false,"template":"","format":"standard","meta":{"footnotes":""},"categories":[38],"tags":[],"class_list":["post-19983","post","type-post","status-publish","format-standard","has-post-thumbnail","","category-nuevo-laredo"],"_links":{"self":[{"href":"https:\/\/www.radiointeractivo.com.mx\/index.php?rest_route=\/wp\/v2\/posts\/19983","targetHints":{"allow":["GET"]}}],"collection":[{"href":"https:\/\/www.radiointeractivo.com.mx\/index.php?rest_route=\/wp\/v2\/posts"}],"about":[{"href":"https:\/\/www.radiointeractivo.com.mx\/index.php?rest_route=\/wp\/v2\/types\/post"}],"author":[{"embeddable":true,"href":"https:\/\/www.radiointeractivo.com.mx\/index.php?rest_route=\/wp\/v2\/users\/1"}],"replies":[{"embeddable":true,"href":"https:\/\/www.radiointeractivo.com.mx\/index.php?rest_route=%2Fwp%2Fv2%2Fcomments&post=19983"}],"version-history":[{"count":1,"href":"https:\/\/www.radiointeractivo.com.mx\/index.php?rest_route=\/wp\/v2\/posts\/19983\/revisions"}],"predecessor-version":[{"id":19985,"href":"https:\/\/www.radiointeractivo.com.mx\/index.php?rest_route=\/wp\/v2\/posts\/19983\/revisions\/19985"}],"wp:featuredmedia":[{"embeddable":true,"href":"https:\/\/www.radiointeractivo.com.mx\/index.php?rest_route=\/wp\/v2\/media\/19984"}],"wp:attachment":[{"href":"https:\/\/www.radiointeractivo.com.mx\/index.php?rest_route=%2Fwp%2Fv2%2Fmedia&parent=19983"}],"wp:term":[{"taxonomy":"category","embeddable":true,"href":"https:\/\/www.radiointeractivo.com.mx\/index.php?rest_route=%2Fwp%2Fv2%2Fcategories&post=19983"},{"taxonomy":"post_tag","embeddable":true,"href":"https:\/\/www.radiointeractivo.com.mx\/index.php?rest_route=%2Fwp%2Fv2%2Ftags&post=19983"}],"curies":[{"name":"wp","href":"https:\/\/api.w.org\/{rel}","templated":true}]}}