{"id":19980,"date":"2026-01-23T15:12:31","date_gmt":"2026-01-23T21:12:31","guid":{"rendered":"https:\/\/www.radiointeractivo.com.mx\/?p=19980"},"modified":"2026-01-23T15:12:35","modified_gmt":"2026-01-23T21:12:35","slug":"talento-juvenil-sobresale-en-el-selectivo-municipal-de-atletismo-2026","status":"publish","type":"post","link":"https:\/\/www.radiointeractivo.com.mx\/?p=19980","title":{"rendered":"Talento juvenil sobresale en el Selectivo Municipal de Atletismo 2026"},"content":{"rendered":"\n<figure class=\"wp-block-image size-large\"><img loading=\"lazy\" decoding=\"async\" width=\"1024\" height=\"682\" src=\"https:\/\/www.radiointeractivo.com.mx\/wp-content\/uploads\/2026\/01\/WhatsApp-Image-2026-01-23-at-12.04.30-PM-1024x682.jpeg\" alt=\"\" class=\"wp-image-19981\" srcset=\"https:\/\/www.radiointeractivo.com.mx\/wp-content\/uploads\/2026\/01\/WhatsApp-Image-2026-01-23-at-12.04.30-PM-1024x682.jpeg 1024w, https:\/\/www.radiointeractivo.com.mx\/wp-content\/uploads\/2026\/01\/WhatsApp-Image-2026-01-23-at-12.04.30-PM-300x200.jpeg 300w, https:\/\/www.radiointeractivo.com.mx\/wp-content\/uploads\/2026\/01\/WhatsApp-Image-2026-01-23-at-12.04.30-PM-768x512.jpeg 768w, https:\/\/www.radiointeractivo.com.mx\/wp-content\/uploads\/2026\/01\/WhatsApp-Image-2026-01-23-at-12.04.30-PM-1536x1023.jpeg 1536w, https:\/\/www.radiointeractivo.com.mx\/wp-content\/uploads\/2026\/01\/WhatsApp-Image-2026-01-23-at-12.04.30-PM-310x205.jpeg 310w, https:\/\/www.radiointeractivo.com.mx\/wp-content\/uploads\/2026\/01\/WhatsApp-Image-2026-01-23-at-12.04.30-PM.jpeg 1600w\" sizes=\"auto, (max-width: 1024px) 100vw, 1024px\" \/><\/figure>\n\n\n\n<p>Por: Staff | #NuevoLaredo #Laredo #NLD #Tamaulipas<\/p>\n\n\n\n<p>La pista de la Unidad Deportiva Benito Ju\u00e1rez fue escenario de una intensa jornada atl\u00e9tica, donde decenas de j\u00f3venes deportistas participaron en el Selectivo Municipal de Atletismo 2026, etapa clave dentro del proceso rumbo a los Juegos CONADE del pr\u00f3ximo a\u00f1o.<\/p>\n\n\n\n<p>El evento, organizado por la Direcci\u00f3n de Cultura F\u00edsica y Deporte, tuvo como prop\u00f3sito evaluar el desempe\u00f1o de las y los atletas locales y detectar a quienes lograron las mejores marcas en las distintas pruebas. De este grupo saldr\u00e1n los representantes de Nuevo Laredo que avanzar\u00e1n al Selectivo Estatal, con la meta de integrarse al equipo que competir\u00e1 por Tamaulipas.<\/p>\n\n\n\n<p>A lo largo de la competencia se vivi\u00f3 un ambiente de alta exigencia, en el que las y los participantes pusieron a prueba su preparaci\u00f3n f\u00edsica, constancia y nivel t\u00e9cnico. Las pruebas reflejaron el crecimiento del atletismo en la ciudad y el compromiso de una generaci\u00f3n que se abre paso en el deporte competitivo.<\/p>\n\n\n\n<p>Autoridades del \u00e1rea deportiva destacaron que estos procesos selectivos no solo permiten conformar equipos representativos, sino que tambi\u00e9n funcionan como una plataforma para impulsar el desarrollo integral de los j\u00f3venes, al brindarles experiencias competitivas y la posibilidad de proyectarse hacia escenarios estatales y nacionales.<\/p>\n\n\n\n<p>Con este tipo de actividades, Nuevo Laredo contin\u00faa fortaleciendo su semillero deportivo y reafirma su apuesta por el talento juvenil como base del deporte de alto rendimiento.<\/p>\n","protected":false},"excerpt":{"rendered":"<p>Por: Staff | #NuevoLaredo #Laredo #NLD #Tamaulipas La pista de la Unidad Deportiva Benito Ju\u00e1rez fue escenario de una intensa jornada atl\u00e9tica, donde decenas de j\u00f3venes deportistas participaron en el Selectivo Municipal de Atletismo 2026, etapa clave dentro del proceso rumbo a los Juegos CONADE del pr\u00f3ximo a\u00f1o. El evento, organizado por la Direcci\u00f3n de &hellip;<\/p>\n","protected":false},"author":1,"featured_media":19981,"comment_status":"open","ping_status":"open","sticky":false,"template":"","format":"standard","meta":{"footnotes":""},"categories":[38],"tags":[],"class_list":["post-19980","post","type-post","status-publish","format-standard","has-post-thumbnail","","category-nuevo-laredo"],"_links":{"self":[{"href":"https:\/\/www.radiointeractivo.com.mx\/index.php?rest_route=\/wp\/v2\/posts\/19980","targetHints":{"allow":["GET"]}}],"collection":[{"href":"https:\/\/www.radiointeractivo.com.mx\/index.php?rest_route=\/wp\/v2\/posts"}],"about":[{"href":"https:\/\/www.radiointeractivo.com.mx\/index.php?rest_route=\/wp\/v2\/types\/post"}],"author":[{"embeddable":true,"href":"https:\/\/www.radiointeractivo.com.mx\/index.php?rest_route=\/wp\/v2\/users\/1"}],"replies":[{"embeddable":true,"href":"https:\/\/www.radiointeractivo.com.mx\/index.php?rest_route=%2Fwp%2Fv2%2Fcomments&post=19980"}],"version-history":[{"count":1,"href":"https:\/\/www.radiointeractivo.com.mx\/index.php?rest_route=\/wp\/v2\/posts\/19980\/revisions"}],"predecessor-version":[{"id":19982,"href":"https:\/\/www.radiointeractivo.com.mx\/index.php?rest_route=\/wp\/v2\/posts\/19980\/revisions\/19982"}],"wp:featuredmedia":[{"embeddable":true,"href":"https:\/\/www.radiointeractivo.com.mx\/index.php?rest_route=\/wp\/v2\/media\/19981"}],"wp:attachment":[{"href":"https:\/\/www.radiointeractivo.com.mx\/index.php?rest_route=%2Fwp%2Fv2%2Fmedia&parent=19980"}],"wp:term":[{"taxonomy":"category","embeddable":true,"href":"https:\/\/www.radiointeractivo.com.mx\/index.php?rest_route=%2Fwp%2Fv2%2Fcategories&post=19980"},{"taxonomy":"post_tag","embeddable":true,"href":"https:\/\/www.radiointeractivo.com.mx\/index.php?rest_route=%2Fwp%2Fv2%2Ftags&post=19980"}],"curies":[{"name":"wp","href":"https:\/\/api.w.org\/{rel}","templated":true}]}}