{"id":19976,"date":"2026-01-22T18:09:18","date_gmt":"2026-01-23T00:09:18","guid":{"rendered":"https:\/\/www.radiointeractivo.com.mx\/?p=19976"},"modified":"2026-01-22T18:09:21","modified_gmt":"2026-01-23T00:09:21","slug":"alcaldesa-llama-a-extremar-precauciones-ante-frente-frio-y-activa-operativo-preventivo-en-nuevo-laredo","status":"publish","type":"post","link":"https:\/\/www.radiointeractivo.com.mx\/?p=19976","title":{"rendered":"Alcaldesa llama a extremar precauciones ante frente fr\u00edo y activa operativo preventivo en Nuevo Laredo"},"content":{"rendered":"\n<figure class=\"wp-block-image size-full\"><img loading=\"lazy\" decoding=\"async\" width=\"949\" height=\"712\" src=\"https:\/\/www.radiointeractivo.com.mx\/wp-content\/uploads\/2026\/01\/WhatsApp-Image-2026-01-22-at-4.39.29-PM.jpeg\" alt=\"\" class=\"wp-image-19977\" srcset=\"https:\/\/www.radiointeractivo.com.mx\/wp-content\/uploads\/2026\/01\/WhatsApp-Image-2026-01-22-at-4.39.29-PM.jpeg 949w, https:\/\/www.radiointeractivo.com.mx\/wp-content\/uploads\/2026\/01\/WhatsApp-Image-2026-01-22-at-4.39.29-PM-300x225.jpeg 300w, https:\/\/www.radiointeractivo.com.mx\/wp-content\/uploads\/2026\/01\/WhatsApp-Image-2026-01-22-at-4.39.29-PM-768x576.jpeg 768w\" sizes=\"auto, (max-width: 949px) 100vw, 949px\" \/><\/figure>\n\n\n\n<p>Por: Staff | #NuevoLaredo #Laredo #NLD #Tamaulipas<\/p>\n\n\n\n<p>Ante el pron\u00f3stico de un descenso considerable en las temperaturas para este fin de semana y el arranque de la pr\u00f3xima semana, la presidenta municipal de Nuevo Laredo, Carmen Lilia Canturosas Villarreal, exhort\u00f3 a la poblaci\u00f3n a mantenerse alerta, no bajar la guardia y seguir la informaci\u00f3n emitida por los canales oficiales del Gobierno Municipal.<\/p>\n\n\n\n<p>De acuerdo con los reportes meteorol\u00f3gicos m\u00e1s recientes, entre el s\u00e1bado 29 y el lunes 30 de enero se prev\u00e9n temperaturas m\u00ednimas de entre 3 y 1 grados cent\u00edgrados, con sensaciones t\u00e9rmicas que podr\u00edan alcanzar hasta los -8 grados. Las m\u00e1ximas, en tanto, oscilar\u00edan entre los 8 y 19 grados, generando condiciones de fr\u00edo poco habituales para la regi\u00f3n.<\/p>\n\n\n\n<p>La alcaldesa se\u00f1al\u00f3 que, ante este escenario, el Consejo Municipal de Protecci\u00f3n Civil se mantiene en sesi\u00f3n permanente, con labores de coordinaci\u00f3n, monitoreo y prevenci\u00f3n orientadas a salvaguardar la integridad de la poblaci\u00f3n durante la temporada invernal.<\/p>\n\n\n\n<p>Subray\u00f3 la importancia de mantenerse informados a trav\u00e9s de las redes sociales oficiales del Ayuntamiento y de la Direcci\u00f3n de Protecci\u00f3n Civil y Bomberos, donde se actualizan pron\u00f3sticos y se difunden recomendaciones espec\u00edficas para este tipo de contingencias.<\/p>\n\n\n\n<p>Como parte del plan de atenci\u00f3n, Canturosas Villarreal inform\u00f3 que se activar\u00e1 el Operativo Carrusel, mediante el cual se brindar\u00e1 abrigo, alimentos y bebidas calientes a personas en situaci\u00f3n vulnerable. Quienes as\u00ed lo requieran podr\u00e1n ser trasladados al albergue municipal, ubicado en el cruce de las calles Madero y Ju\u00e1rez.<\/p>\n\n\n\n<p>Asimismo, explic\u00f3 que distintas dependencias municipales \u2014entre ellas Tr\u00e1nsito y Vialidad, Guardia Municipal, Servicios P\u00fablicos Primarios y Obras P\u00fablicas\u2014 participar\u00e1n de manera coordinada, especialmente durante el s\u00e1bado, cuando se pronostican lluvias que, combinadas con el fr\u00edo, podr\u00edan provocar cristalizaci\u00f3n en puentes y vialidades elevadas.<\/p>\n\n\n\n<p>En ese sentido, se contempla el uso de bancos de arena salitrosa para reducir riesgos de deslizamiento y, de ser necesario, el cierre preventivo de puentes, priorizando la seguridad de automovilistas y peatones. La alcaldesa a\u00f1adi\u00f3 que existe coordinaci\u00f3n con Caminos y Puentes Federales (CAPUFE) para aplicar las mismas medidas en tramos de jurisdicci\u00f3n federal.<\/p>\n\n\n\n<p>En materia de protecci\u00f3n a grupos vulnerables, hizo un llamado a extremar cuidados con adultos mayores, personas con discapacidad, ni\u00f1as y ni\u00f1os, recomendando abrigarse adecuadamente y limitar la exposici\u00f3n al fr\u00edo.<\/p>\n\n\n\n<p>Entre las recomendaciones a la ciudadan\u00eda se incluyen proteger y cubrir tuber\u00edas para evitar rupturas por congelamiento, revisar que los veh\u00edculos cuenten con anticongelante, resguardar a las mascotas en espacios c\u00e1lidos y, en caso de ser posible, cerrar las llaves de paso del agua y vaciar las tuber\u00edas.<\/p>\n\n\n\n<p>Finalmente, la presidenta municipal reiter\u00f3 que la prevenci\u00f3n es una responsabilidad compartida y llam\u00f3 a la poblaci\u00f3n a atender las indicaciones oficiales para transitar este frente fr\u00edo de manera segura, cuidando tanto a las familias como al patrimonio y a los animales de compa\u00f1\u00eda.<\/p>\n","protected":false},"excerpt":{"rendered":"<p>Por: Staff | #NuevoLaredo #Laredo #NLD #Tamaulipas Ante el pron\u00f3stico de un descenso considerable en las temperaturas para este fin de semana y el arranque de la pr\u00f3xima semana, la presidenta municipal de Nuevo Laredo, Carmen Lilia Canturosas Villarreal, exhort\u00f3 a la poblaci\u00f3n a mantenerse alerta, no bajar la guardia y seguir la informaci\u00f3n emitida &hellip;<\/p>\n","protected":false},"author":1,"featured_media":19977,"comment_status":"open","ping_status":"open","sticky":false,"template":"","format":"standard","meta":{"footnotes":""},"categories":[38],"tags":[],"class_list":["post-19976","post","type-post","status-publish","format-standard","has-post-thumbnail","","category-nuevo-laredo"],"_links":{"self":[{"href":"https:\/\/www.radiointeractivo.com.mx\/index.php?rest_route=\/wp\/v2\/posts\/19976","targetHints":{"allow":["GET"]}}],"collection":[{"href":"https:\/\/www.radiointeractivo.com.mx\/index.php?rest_route=\/wp\/v2\/posts"}],"about":[{"href":"https:\/\/www.radiointeractivo.com.mx\/index.php?rest_route=\/wp\/v2\/types\/post"}],"author":[{"embeddable":true,"href":"https:\/\/www.radiointeractivo.com.mx\/index.php?rest_route=\/wp\/v2\/users\/1"}],"replies":[{"embeddable":true,"href":"https:\/\/www.radiointeractivo.com.mx\/index.php?rest_route=%2Fwp%2Fv2%2Fcomments&post=19976"}],"version-history":[{"count":1,"href":"https:\/\/www.radiointeractivo.com.mx\/index.php?rest_route=\/wp\/v2\/posts\/19976\/revisions"}],"predecessor-version":[{"id":19978,"href":"https:\/\/www.radiointeractivo.com.mx\/index.php?rest_route=\/wp\/v2\/posts\/19976\/revisions\/19978"}],"wp:featuredmedia":[{"embeddable":true,"href":"https:\/\/www.radiointeractivo.com.mx\/index.php?rest_route=\/wp\/v2\/media\/19977"}],"wp:attachment":[{"href":"https:\/\/www.radiointeractivo.com.mx\/index.php?rest_route=%2Fwp%2Fv2%2Fmedia&parent=19976"}],"wp:term":[{"taxonomy":"category","embeddable":true,"href":"https:\/\/www.radiointeractivo.com.mx\/index.php?rest_route=%2Fwp%2Fv2%2Fcategories&post=19976"},{"taxonomy":"post_tag","embeddable":true,"href":"https:\/\/www.radiointeractivo.com.mx\/index.php?rest_route=%2Fwp%2Fv2%2Ftags&post=19976"}],"curies":[{"name":"wp","href":"https:\/\/api.w.org\/{rel}","templated":true}]}}