{"id":19973,"date":"2026-01-22T15:59:59","date_gmt":"2026-01-22T21:59:59","guid":{"rendered":"https:\/\/www.radiointeractivo.com.mx\/?p=19973"},"modified":"2026-01-22T16:00:02","modified_gmt":"2026-01-22T22:00:02","slug":"usuarios-destacan-mejoras-en-el-transporte-publico-tras-renovacion-de-unidades-en-nuevo-laredo","status":"publish","type":"post","link":"https:\/\/www.radiointeractivo.com.mx\/?p=19973","title":{"rendered":"Usuarios destacan mejoras en el transporte p\u00fablico tras renovaci\u00f3n de unidades en Nuevo Laredo"},"content":{"rendered":"\n<figure class=\"wp-block-image size-large\"><img loading=\"lazy\" decoding=\"async\" width=\"1024\" height=\"684\" src=\"https:\/\/www.radiointeractivo.com.mx\/wp-content\/uploads\/2026\/01\/WhatsApp-Image-2026-01-22-at-1.11.51-PM-1024x684.jpeg\" alt=\"\" class=\"wp-image-19974\" srcset=\"https:\/\/www.radiointeractivo.com.mx\/wp-content\/uploads\/2026\/01\/WhatsApp-Image-2026-01-22-at-1.11.51-PM-1024x684.jpeg 1024w, https:\/\/www.radiointeractivo.com.mx\/wp-content\/uploads\/2026\/01\/WhatsApp-Image-2026-01-22-at-1.11.51-PM-300x200.jpeg 300w, https:\/\/www.radiointeractivo.com.mx\/wp-content\/uploads\/2026\/01\/WhatsApp-Image-2026-01-22-at-1.11.51-PM-768x513.jpeg 768w, https:\/\/www.radiointeractivo.com.mx\/wp-content\/uploads\/2026\/01\/WhatsApp-Image-2026-01-22-at-1.11.51-PM-1536x1026.jpeg 1536w, https:\/\/www.radiointeractivo.com.mx\/wp-content\/uploads\/2026\/01\/WhatsApp-Image-2026-01-22-at-1.11.51-PM.jpeg 1600w\" sizes=\"auto, (max-width: 1024px) 100vw, 1024px\" \/><\/figure>\n\n\n\n<p>Por: Staff | #NuevoLaredo #Laredo #NLD #Tamaulipas<\/p>\n\n\n\n<p>La incorporaci\u00f3n de nuevas unidades de transporte p\u00fablico equipadas con aire acondicionado ha generado una respuesta positiva entre los usuarios de Nuevo Laredo, quienes reconocen cambios visibles en la calidad del servicio, la puntualidad de las rutas y las condiciones de traslado.<\/p>\n\n\n\n<p>Durante a\u00f1os, habitantes de la ciudad enfrentaron esperas prolongadas y camiones en mal estado, una situaci\u00f3n que, de acuerdo con los propios usuarios, comienza a revertirse con la llegada de unidades modernas que ofrecen mayor comodidad, seguridad y un trato m\u00e1s respetuoso por parte de los operadores.<\/p>\n\n\n\n<p>Marisol Carrizal, residente de la ciudad desde hace m\u00e1s de tres d\u00e9cadas, se\u00f1al\u00f3 que la renovaci\u00f3n del parque vehicular atiende una de las principales problem\u00e1ticas del transporte urbano. Coment\u00f3 que la falta de unidades sol\u00eda provocar retrasos constantes en las actividades diarias y consider\u00f3 que las acciones emprendidas representan un avance necesario.<\/p>\n\n\n\n<p>Por su parte, Mar\u00eda del Refugio subray\u00f3 que el aire acondicionado marca una diferencia sustancial, sobre todo en una regi\u00f3n donde las altas temperaturas son parte de la rutina. Destac\u00f3 adem\u00e1s el buen estado de las unidades y el comportamiento de los choferes, a quienes reconoci\u00f3 por conducir con precauci\u00f3n y brindar una atenci\u00f3n m\u00e1s cuidadosa a los pasajeros.<\/p>\n\n\n\n<p>Martha Guerrero coincidi\u00f3 en que el servicio presentaba condiciones precarias en el pasado y afirm\u00f3 que la renovaci\u00f3n ha elevado de manera notable la experiencia de los usuarios. Se\u00f1al\u00f3 que contar con camiones nuevos y climatizados dignifica el transporte p\u00fablico y refleja que la autoridad municipal atendi\u00f3 una demanda largamente postergada.<\/p>\n\n\n\n<p>Las opiniones recabadas reflejan una percepci\u00f3n favorable hacia las acciones impulsadas por el Gobierno Municipal que encabeza la alcaldesa Carmen Lilia Canturosas Villarreal, orientadas a modernizar el sistema de transporte p\u00fablico y a ofrecer un servicio m\u00e1s eficiente, humano y acorde a las necesidades de la poblaci\u00f3n.<\/p>\n","protected":false},"excerpt":{"rendered":"<p>Por: Staff | #NuevoLaredo #Laredo #NLD #Tamaulipas La incorporaci\u00f3n de nuevas unidades de transporte p\u00fablico equipadas con aire acondicionado ha generado una respuesta positiva entre los usuarios de Nuevo Laredo, quienes reconocen cambios visibles en la calidad del servicio, la puntualidad de las rutas y las condiciones de traslado. Durante a\u00f1os, habitantes de la ciudad &hellip;<\/p>\n","protected":false},"author":1,"featured_media":19974,"comment_status":"open","ping_status":"open","sticky":false,"template":"","format":"standard","meta":{"footnotes":""},"categories":[38],"tags":[],"class_list":["post-19973","post","type-post","status-publish","format-standard","has-post-thumbnail","","category-nuevo-laredo"],"_links":{"self":[{"href":"https:\/\/www.radiointeractivo.com.mx\/index.php?rest_route=\/wp\/v2\/posts\/19973","targetHints":{"allow":["GET"]}}],"collection":[{"href":"https:\/\/www.radiointeractivo.com.mx\/index.php?rest_route=\/wp\/v2\/posts"}],"about":[{"href":"https:\/\/www.radiointeractivo.com.mx\/index.php?rest_route=\/wp\/v2\/types\/post"}],"author":[{"embeddable":true,"href":"https:\/\/www.radiointeractivo.com.mx\/index.php?rest_route=\/wp\/v2\/users\/1"}],"replies":[{"embeddable":true,"href":"https:\/\/www.radiointeractivo.com.mx\/index.php?rest_route=%2Fwp%2Fv2%2Fcomments&post=19973"}],"version-history":[{"count":1,"href":"https:\/\/www.radiointeractivo.com.mx\/index.php?rest_route=\/wp\/v2\/posts\/19973\/revisions"}],"predecessor-version":[{"id":19975,"href":"https:\/\/www.radiointeractivo.com.mx\/index.php?rest_route=\/wp\/v2\/posts\/19973\/revisions\/19975"}],"wp:featuredmedia":[{"embeddable":true,"href":"https:\/\/www.radiointeractivo.com.mx\/index.php?rest_route=\/wp\/v2\/media\/19974"}],"wp:attachment":[{"href":"https:\/\/www.radiointeractivo.com.mx\/index.php?rest_route=%2Fwp%2Fv2%2Fmedia&parent=19973"}],"wp:term":[{"taxonomy":"category","embeddable":true,"href":"https:\/\/www.radiointeractivo.com.mx\/index.php?rest_route=%2Fwp%2Fv2%2Fcategories&post=19973"},{"taxonomy":"post_tag","embeddable":true,"href":"https:\/\/www.radiointeractivo.com.mx\/index.php?rest_route=%2Fwp%2Fv2%2Ftags&post=19973"}],"curies":[{"name":"wp","href":"https:\/\/api.w.org\/{rel}","templated":true}]}}