{"id":19970,"date":"2026-01-22T15:48:07","date_gmt":"2026-01-22T21:48:07","guid":{"rendered":"https:\/\/www.radiointeractivo.com.mx\/?p=19970"},"modified":"2026-01-22T15:48:10","modified_gmt":"2026-01-22T21:48:10","slug":"refuerza-gobierno-municipal-programas-educativos-y-de-atencion-integral-para-la-juventud-de-nuevo-laredo","status":"publish","type":"post","link":"https:\/\/www.radiointeractivo.com.mx\/?p=19970","title":{"rendered":"Refuerza Gobierno Municipal programas educativos y de atenci\u00f3n integral para la juventud de Nuevo Laredo"},"content":{"rendered":"\n<figure class=\"wp-block-image size-large\"><img loading=\"lazy\" decoding=\"async\" width=\"1024\" height=\"614\" src=\"https:\/\/www.radiointeractivo.com.mx\/wp-content\/uploads\/2026\/01\/WhatsApp-Image-2026-01-22-at-11.18.37-AM-1024x614.jpeg\" alt=\"\" class=\"wp-image-19971\" srcset=\"https:\/\/www.radiointeractivo.com.mx\/wp-content\/uploads\/2026\/01\/WhatsApp-Image-2026-01-22-at-11.18.37-AM-1024x614.jpeg 1024w, https:\/\/www.radiointeractivo.com.mx\/wp-content\/uploads\/2026\/01\/WhatsApp-Image-2026-01-22-at-11.18.37-AM-300x180.jpeg 300w, https:\/\/www.radiointeractivo.com.mx\/wp-content\/uploads\/2026\/01\/WhatsApp-Image-2026-01-22-at-11.18.37-AM-768x461.jpeg 768w, https:\/\/www.radiointeractivo.com.mx\/wp-content\/uploads\/2026\/01\/WhatsApp-Image-2026-01-22-at-11.18.37-AM-1536x922.jpeg 1536w, https:\/\/www.radiointeractivo.com.mx\/wp-content\/uploads\/2026\/01\/WhatsApp-Image-2026-01-22-at-11.18.37-AM.jpeg 1600w\" sizes=\"auto, (max-width: 1024px) 100vw, 1024px\" \/><\/figure>\n\n\n\n<p>Por: Staff | #NuevoLaredo #Laredo #NLD #Tamaulipas<\/p>\n\n\n\n<p>Con la educaci\u00f3n como eje central de su pol\u00edtica social, el Gobierno Municipal de Nuevo Laredo mantiene una estrategia permanente para ampliar las oportunidades de desarrollo de las juventudes, a trav\u00e9s de acciones coordinadas por el Instituto Municipal de la Juventud (IMJUVE).<\/p>\n\n\n\n<p>Bajo la administraci\u00f3n que encabeza la alcaldesa Carmen Lilia Canturosas Villarreal, el IMJUVE ha consolidado convenios con diversas instituciones educativas, entre ellas el Instituto Tamaulipeco de Educaci\u00f3n para los Adultos (ITEA), el CECATI y preparatorias como Conexi\u00f3n Educativa, con el prop\u00f3sito de facilitar la certificaci\u00f3n de primaria, secundaria y nivel medio superior, ya sea de manera gratuita o con costos accesibles.<\/p>\n\n\n\n<p>El director del instituto, Jes\u00fas Espinoza, explic\u00f3 que estas alianzas han permitido abrir caminos reales para que j\u00f3venes que interrumpieron sus estudios puedan retomarlos y concluirlos, adem\u00e1s de acceder a cursos de ingl\u00e9s, una herramienta cada vez m\u00e1s necesaria para el \u00e1mbito acad\u00e9mico y laboral.<\/p>\n\n\n\n<p>Como resultado de estos esfuerzos, se prev\u00e9 la entrega de alrededor de 200 certificados a finales de este mes. De ese total, m\u00e1s de 80 corresponder\u00e1n a educaci\u00f3n b\u00e1sica y preparatoria, mientras que m\u00e1s de un centenar ser\u00e1n para j\u00f3venes que concluyeron cursos de ingl\u00e9s en niveles b\u00e1sico, intermedio y avanzado.<\/p>\n\n\n\n<p>Para reconocer el compromiso y la constancia de las y los beneficiarios, el IMJUVE organizar\u00e1 una ceremonia de graduaci\u00f3n en el Teatro Lucio Blanco, evento que busca dar visibilidad al esfuerzo personal y al acompa\u00f1amiento institucional brindado a la juventud neolaredense.<\/p>\n\n\n\n<p>Espinoza tambi\u00e9n inform\u00f3 que a partir de febrero se pondr\u00e1 en marcha el programa Brigadas de Contacto Joven, una estrategia enfocada en llevar servicios directamente a secundarias y preparatorias, principalmente en el turno vespertino y en planteles ubicados fuera del primer cuadro de la ciudad.<\/p>\n\n\n\n<p>Detall\u00f3 que estas brigadas integrar\u00e1n no solo programas del IMJUVE, sino tambi\u00e9n servicios municipales, estatales y federales relacionados con salud, cultura, deporte, medio ambiente, protecci\u00f3n civil, atenci\u00f3n a la salud mental, prevenci\u00f3n de adicciones y orientaci\u00f3n en salud sexual y reproductiva.<\/p>\n\n\n\n<p>De manera paralela, el instituto mantiene atenci\u00f3n psicol\u00f3gica gratuita en modalidad presencial, virtual y telef\u00f3nica, disponible de lunes a s\u00e1bado, as\u00ed como actividades permanentes que incluyen torneos deportivos, impulso al liderazgo juvenil, concursos de oratoria y talleres culturales.<\/p>\n\n\n\n<p>El director del IMJUVE subray\u00f3 que el objetivo es acompa\u00f1ar de manera continua a las juventudes, facilitando su tr\u00e1nsito por los distintos niveles educativos y, posteriormente, vincularlas con universidades mediante becas y apoyos, consolidando as\u00ed un modelo integral de atenci\u00f3n y desarrollo para las nuevas generaciones de Nuevo Laredo.<\/p>\n","protected":false},"excerpt":{"rendered":"<p>Por: Staff | #NuevoLaredo #Laredo #NLD #Tamaulipas Con la educaci\u00f3n como eje central de su pol\u00edtica social, el Gobierno Municipal de Nuevo Laredo mantiene una estrategia permanente para ampliar las oportunidades de desarrollo de las juventudes, a trav\u00e9s de acciones coordinadas por el Instituto Municipal de la Juventud (IMJUVE). Bajo la administraci\u00f3n que encabeza la &hellip;<\/p>\n","protected":false},"author":1,"featured_media":19971,"comment_status":"open","ping_status":"open","sticky":false,"template":"","format":"standard","meta":{"footnotes":""},"categories":[38],"tags":[],"class_list":["post-19970","post","type-post","status-publish","format-standard","has-post-thumbnail","","category-nuevo-laredo"],"_links":{"self":[{"href":"https:\/\/www.radiointeractivo.com.mx\/index.php?rest_route=\/wp\/v2\/posts\/19970","targetHints":{"allow":["GET"]}}],"collection":[{"href":"https:\/\/www.radiointeractivo.com.mx\/index.php?rest_route=\/wp\/v2\/posts"}],"about":[{"href":"https:\/\/www.radiointeractivo.com.mx\/index.php?rest_route=\/wp\/v2\/types\/post"}],"author":[{"embeddable":true,"href":"https:\/\/www.radiointeractivo.com.mx\/index.php?rest_route=\/wp\/v2\/users\/1"}],"replies":[{"embeddable":true,"href":"https:\/\/www.radiointeractivo.com.mx\/index.php?rest_route=%2Fwp%2Fv2%2Fcomments&post=19970"}],"version-history":[{"count":1,"href":"https:\/\/www.radiointeractivo.com.mx\/index.php?rest_route=\/wp\/v2\/posts\/19970\/revisions"}],"predecessor-version":[{"id":19972,"href":"https:\/\/www.radiointeractivo.com.mx\/index.php?rest_route=\/wp\/v2\/posts\/19970\/revisions\/19972"}],"wp:featuredmedia":[{"embeddable":true,"href":"https:\/\/www.radiointeractivo.com.mx\/index.php?rest_route=\/wp\/v2\/media\/19971"}],"wp:attachment":[{"href":"https:\/\/www.radiointeractivo.com.mx\/index.php?rest_route=%2Fwp%2Fv2%2Fmedia&parent=19970"}],"wp:term":[{"taxonomy":"category","embeddable":true,"href":"https:\/\/www.radiointeractivo.com.mx\/index.php?rest_route=%2Fwp%2Fv2%2Fcategories&post=19970"},{"taxonomy":"post_tag","embeddable":true,"href":"https:\/\/www.radiointeractivo.com.mx\/index.php?rest_route=%2Fwp%2Fv2%2Ftags&post=19970"}],"curies":[{"name":"wp","href":"https:\/\/api.w.org\/{rel}","templated":true}]}}