{"id":19967,"date":"2026-01-22T15:42:22","date_gmt":"2026-01-22T21:42:22","guid":{"rendered":"https:\/\/www.radiointeractivo.com.mx\/?p=19967"},"modified":"2026-01-22T15:42:25","modified_gmt":"2026-01-22T21:42:25","slug":"invitan-a-feria-de-adopciones-para-impulsar-la-tenencia-responsable-de-mascotas-en-nuevo-laredo","status":"publish","type":"post","link":"https:\/\/www.radiointeractivo.com.mx\/?p=19967","title":{"rendered":"Invitan a Feria de Adopciones para impulsar la tenencia responsable de mascotas en Nuevo Laredo"},"content":{"rendered":"\n<figure class=\"wp-block-image size-large\"><img loading=\"lazy\" decoding=\"async\" width=\"1024\" height=\"684\" src=\"https:\/\/www.radiointeractivo.com.mx\/wp-content\/uploads\/2026\/01\/WhatsApp-Image-2026-01-22-at-11.13.23-AM-1024x684.jpeg\" alt=\"\" class=\"wp-image-19968\" srcset=\"https:\/\/www.radiointeractivo.com.mx\/wp-content\/uploads\/2026\/01\/WhatsApp-Image-2026-01-22-at-11.13.23-AM-1024x684.jpeg 1024w, https:\/\/www.radiointeractivo.com.mx\/wp-content\/uploads\/2026\/01\/WhatsApp-Image-2026-01-22-at-11.13.23-AM-300x200.jpeg 300w, https:\/\/www.radiointeractivo.com.mx\/wp-content\/uploads\/2026\/01\/WhatsApp-Image-2026-01-22-at-11.13.23-AM-768x513.jpeg 768w, https:\/\/www.radiointeractivo.com.mx\/wp-content\/uploads\/2026\/01\/WhatsApp-Image-2026-01-22-at-11.13.23-AM-1536x1026.jpeg 1536w, https:\/\/www.radiointeractivo.com.mx\/wp-content\/uploads\/2026\/01\/WhatsApp-Image-2026-01-22-at-11.13.23-AM.jpeg 1600w\" sizes=\"auto, (max-width: 1024px) 100vw, 1024px\" \/><\/figure>\n\n\n\n<p>Por: Staff | #NuevoLaredo #Laredo #NLD #Tamaulipas<\/p>\n\n\n\n<p>Con el prop\u00f3sito de fomentar la adopci\u00f3n responsable y ofrecer una nueva oportunidad a animales rescatados, la Direcci\u00f3n de Bienestar Animal convoc\u00f3 a la ciudadan\u00eda a participar en la Feria de Adopciones Canina y Felina, que se realizar\u00e1 este viernes 23 en la Plaza Zaragoza.<\/p>\n\n\n\n<p>El evento se desarrollar\u00e1 de 2:00 a 6:00 de la tarde y permitir\u00e1 a las familias conocer a perritos y gatitos que actualmente se encuentran bajo resguardo municipal, luego de haber sido retirados de situaciones de abandono o vulnerabilidad, y que hoy est\u00e1n listos para integrarse a un hogar.<\/p>\n\n\n\n<p>Las autoridades informaron que todos los animales disponibles para adopci\u00f3n han recibido atenci\u00f3n integral. Se entregan vacunados, desparasitados y esterilizados, como parte del protocolo de bienestar y salud que mantiene la Direcci\u00f3n de Bienestar Animal.<\/p>\n\n\n\n<p>Adem\u00e1s, el proceso de adopci\u00f3n incluye un seguimiento posterior, con el fin de verificar que las mascotas cuenten con un entorno seguro, cuidados adecuados y un trato digno, garantizando as\u00ed su bienestar a largo plazo.<\/p>\n\n\n\n<p>La feria busca no solo facilitar la adopci\u00f3n, sino tambi\u00e9n reforzar una cultura de respeto, empat\u00eda y responsabilidad hacia los animales de compa\u00f1\u00eda. La invitaci\u00f3n permanece abierta a toda la comunidad interesada en sumar un nuevo integrante a su familia y brindar un hogar lleno de cuidado y afecto a quienes lo necesitan.<\/p>\n","protected":false},"excerpt":{"rendered":"<p>Por: Staff | #NuevoLaredo #Laredo #NLD #Tamaulipas Con el prop\u00f3sito de fomentar la adopci\u00f3n responsable y ofrecer una nueva oportunidad a animales rescatados, la Direcci\u00f3n de Bienestar Animal convoc\u00f3 a la ciudadan\u00eda a participar en la Feria de Adopciones Canina y Felina, que se realizar\u00e1 este viernes 23 en la Plaza Zaragoza. El evento se &hellip;<\/p>\n","protected":false},"author":1,"featured_media":19968,"comment_status":"open","ping_status":"open","sticky":false,"template":"","format":"standard","meta":{"footnotes":""},"categories":[38],"tags":[],"class_list":["post-19967","post","type-post","status-publish","format-standard","has-post-thumbnail","","category-nuevo-laredo"],"_links":{"self":[{"href":"https:\/\/www.radiointeractivo.com.mx\/index.php?rest_route=\/wp\/v2\/posts\/19967","targetHints":{"allow":["GET"]}}],"collection":[{"href":"https:\/\/www.radiointeractivo.com.mx\/index.php?rest_route=\/wp\/v2\/posts"}],"about":[{"href":"https:\/\/www.radiointeractivo.com.mx\/index.php?rest_route=\/wp\/v2\/types\/post"}],"author":[{"embeddable":true,"href":"https:\/\/www.radiointeractivo.com.mx\/index.php?rest_route=\/wp\/v2\/users\/1"}],"replies":[{"embeddable":true,"href":"https:\/\/www.radiointeractivo.com.mx\/index.php?rest_route=%2Fwp%2Fv2%2Fcomments&post=19967"}],"version-history":[{"count":1,"href":"https:\/\/www.radiointeractivo.com.mx\/index.php?rest_route=\/wp\/v2\/posts\/19967\/revisions"}],"predecessor-version":[{"id":19969,"href":"https:\/\/www.radiointeractivo.com.mx\/index.php?rest_route=\/wp\/v2\/posts\/19967\/revisions\/19969"}],"wp:featuredmedia":[{"embeddable":true,"href":"https:\/\/www.radiointeractivo.com.mx\/index.php?rest_route=\/wp\/v2\/media\/19968"}],"wp:attachment":[{"href":"https:\/\/www.radiointeractivo.com.mx\/index.php?rest_route=%2Fwp%2Fv2%2Fmedia&parent=19967"}],"wp:term":[{"taxonomy":"category","embeddable":true,"href":"https:\/\/www.radiointeractivo.com.mx\/index.php?rest_route=%2Fwp%2Fv2%2Fcategories&post=19967"},{"taxonomy":"post_tag","embeddable":true,"href":"https:\/\/www.radiointeractivo.com.mx\/index.php?rest_route=%2Fwp%2Fv2%2Ftags&post=19967"}],"curies":[{"name":"wp","href":"https:\/\/api.w.org\/{rel}","templated":true}]}}