{"id":19964,"date":"2026-01-21T17:13:27","date_gmt":"2026-01-21T23:13:27","guid":{"rendered":"https:\/\/www.radiointeractivo.com.mx\/?p=19964"},"modified":"2026-01-21T17:13:31","modified_gmt":"2026-01-21T23:13:31","slug":"resalta-carmen-lilia-canturosas-cooperacion-binacional-durante-informe-del-consulado-de-mexico-en-laredo","status":"publish","type":"post","link":"https:\/\/www.radiointeractivo.com.mx\/?p=19964","title":{"rendered":"Resalta Carmen Lilia Canturosas cooperaci\u00f3n binacional durante informe del Consulado de M\u00e9xico en Laredo"},"content":{"rendered":"\n<figure class=\"wp-block-image size-large\"><img loading=\"lazy\" decoding=\"async\" width=\"1024\" height=\"686\" src=\"https:\/\/www.radiointeractivo.com.mx\/wp-content\/uploads\/2026\/01\/WhatsApp-Image-2026-01-21-at-5.05.35-PM-1-1024x686.jpeg\" alt=\"\" class=\"wp-image-19965\" srcset=\"https:\/\/www.radiointeractivo.com.mx\/wp-content\/uploads\/2026\/01\/WhatsApp-Image-2026-01-21-at-5.05.35-PM-1-1024x686.jpeg 1024w, https:\/\/www.radiointeractivo.com.mx\/wp-content\/uploads\/2026\/01\/WhatsApp-Image-2026-01-21-at-5.05.35-PM-1-300x201.jpeg 300w, https:\/\/www.radiointeractivo.com.mx\/wp-content\/uploads\/2026\/01\/WhatsApp-Image-2026-01-21-at-5.05.35-PM-1-768x514.jpeg 768w, https:\/\/www.radiointeractivo.com.mx\/wp-content\/uploads\/2026\/01\/WhatsApp-Image-2026-01-21-at-5.05.35-PM-1-110x75.jpeg 110w, https:\/\/www.radiointeractivo.com.mx\/wp-content\/uploads\/2026\/01\/WhatsApp-Image-2026-01-21-at-5.05.35-PM-1.jpeg 1440w\" sizes=\"auto, (max-width: 1024px) 100vw, 1024px\" \/><\/figure>\n\n\n\n<p>Por: Staff | #NuevoLaredo #Laredo #NLD #Tamaulipas<\/p>\n\n\n\n<p>La fortaleza de la relaci\u00f3n entre Nuevo Laredo y Laredo, Texas, fue uno de los ejes centrales durante la presentaci\u00f3n del Informe de Actividades 2025 del Consulado General de M\u00e9xico en Laredo, donde la presidenta municipal Carmen Lilia Canturosas Villarreal subray\u00f3 que la coordinaci\u00f3n permanente entre ambas ciudades ha sido clave para consolidar a esta regi\u00f3n como una de las m\u00e1s din\u00e1micas de la frontera M\u00e9xico\u2013Estados Unidos.<\/p>\n\n\n\n<p>En su mensaje, la alcaldesa reconoci\u00f3 el trabajo del c\u00f3nsul general Juan Carlos Mendoza S\u00e1nchez, a quien calific\u00f3 como un actor fundamental para el fortalecimiento de la agenda binacional, no s\u00f3lo en materia comercial, sino tambi\u00e9n en \u00e1mbitos como el desarrollo econ\u00f3mico, la cultura y la cohesi\u00f3n social.<\/p>\n\n\n\n<p>Canturosas Villarreal destac\u00f3 que cuando existe entendimiento y voluntad entre los gobiernos de ambos lados de la frontera, los beneficios se traducen en mejores condiciones de vida para la poblaci\u00f3n. Se\u00f1al\u00f3 que la relaci\u00f3n entre los Dos Laredos demuestra que la frontera puede ser un punto de encuentro y cooperaci\u00f3n, m\u00e1s que una l\u00ednea divisoria.<\/p>\n\n\n\n<p>Como ejemplo de esta visi\u00f3n compartida, la presidenta municipal mencion\u00f3 los avances en infraestructura h\u00eddrica impulsados por su administraci\u00f3n, entre ellos la eliminaci\u00f3n de descargas de aguas residuales al r\u00edo Bravo y la rehabilitaci\u00f3n de la Planta Internacional de Tratamiento de Aguas Residuales (PITAR). Subray\u00f3 que actualmente la totalidad del agua que ingresa al sistema de drenaje es saneada y devuelta al cauce en condiciones adecuadas, lo que representa un beneficio ambiental y de salud p\u00fablica para ambos pa\u00edses.<\/p>\n\n\n\n<p>La alcaldesa tambi\u00e9n hizo referencia al fortalecimiento del intercambio cultural entre Nuevo Laredo y Laredo, Texas, mediante la proyecci\u00f3n de artistas locales en el vecino pa\u00eds y la apertura de espacios en esta frontera para expresiones art\u00edsticas estadounidenses, acciones que refuerzan los lazos hist\u00f3ricos y sociales entre ambas comunidades.<\/p>\n\n\n\n<p>Finalmente, reiter\u00f3 la disposici\u00f3n del Gobierno Municipal de Nuevo Laredo para seguir trabajando de manera coordinada con el Consulado de M\u00e9xico en Laredo y con las autoridades del sur de Texas, bajo una visi\u00f3n binacional que privilegie la cooperaci\u00f3n, el desarrollo regional y el bienestar compartido de las y los habitantes de los Dos Laredos.<\/p>\n","protected":false},"excerpt":{"rendered":"<p>Por: Staff | #NuevoLaredo #Laredo #NLD #Tamaulipas La fortaleza de la relaci\u00f3n entre Nuevo Laredo y Laredo, Texas, fue uno de los ejes centrales durante la presentaci\u00f3n del Informe de Actividades 2025 del Consulado General de M\u00e9xico en Laredo, donde la presidenta municipal Carmen Lilia Canturosas Villarreal subray\u00f3 que la coordinaci\u00f3n permanente entre ambas ciudades &hellip;<\/p>\n","protected":false},"author":1,"featured_media":19965,"comment_status":"open","ping_status":"open","sticky":false,"template":"","format":"standard","meta":{"footnotes":""},"categories":[38],"tags":[],"class_list":["post-19964","post","type-post","status-publish","format-standard","has-post-thumbnail","","category-nuevo-laredo"],"_links":{"self":[{"href":"https:\/\/www.radiointeractivo.com.mx\/index.php?rest_route=\/wp\/v2\/posts\/19964","targetHints":{"allow":["GET"]}}],"collection":[{"href":"https:\/\/www.radiointeractivo.com.mx\/index.php?rest_route=\/wp\/v2\/posts"}],"about":[{"href":"https:\/\/www.radiointeractivo.com.mx\/index.php?rest_route=\/wp\/v2\/types\/post"}],"author":[{"embeddable":true,"href":"https:\/\/www.radiointeractivo.com.mx\/index.php?rest_route=\/wp\/v2\/users\/1"}],"replies":[{"embeddable":true,"href":"https:\/\/www.radiointeractivo.com.mx\/index.php?rest_route=%2Fwp%2Fv2%2Fcomments&post=19964"}],"version-history":[{"count":1,"href":"https:\/\/www.radiointeractivo.com.mx\/index.php?rest_route=\/wp\/v2\/posts\/19964\/revisions"}],"predecessor-version":[{"id":19966,"href":"https:\/\/www.radiointeractivo.com.mx\/index.php?rest_route=\/wp\/v2\/posts\/19964\/revisions\/19966"}],"wp:featuredmedia":[{"embeddable":true,"href":"https:\/\/www.radiointeractivo.com.mx\/index.php?rest_route=\/wp\/v2\/media\/19965"}],"wp:attachment":[{"href":"https:\/\/www.radiointeractivo.com.mx\/index.php?rest_route=%2Fwp%2Fv2%2Fmedia&parent=19964"}],"wp:term":[{"taxonomy":"category","embeddable":true,"href":"https:\/\/www.radiointeractivo.com.mx\/index.php?rest_route=%2Fwp%2Fv2%2Fcategories&post=19964"},{"taxonomy":"post_tag","embeddable":true,"href":"https:\/\/www.radiointeractivo.com.mx\/index.php?rest_route=%2Fwp%2Fv2%2Ftags&post=19964"}],"curies":[{"name":"wp","href":"https:\/\/api.w.org\/{rel}","templated":true}]}}