{"id":19961,"date":"2026-01-21T14:11:53","date_gmt":"2026-01-21T20:11:53","guid":{"rendered":"https:\/\/www.radiointeractivo.com.mx\/?p=19961"},"modified":"2026-01-21T14:11:57","modified_gmt":"2026-01-21T20:11:57","slug":"asistentes-destacan-resultados-de-la-primera-feria-del-empleo-2026-en-nuevo-laredo","status":"publish","type":"post","link":"https:\/\/www.radiointeractivo.com.mx\/?p=19961","title":{"rendered":"Asistentes destacan resultados de la primera Feria del Empleo 2026 en Nuevo Laredo"},"content":{"rendered":"\n<figure class=\"wp-block-image size-large\"><img loading=\"lazy\" decoding=\"async\" width=\"1024\" height=\"684\" src=\"https:\/\/www.radiointeractivo.com.mx\/wp-content\/uploads\/2026\/01\/WhatsApp-Image-2026-01-21-at-1.12.18-PM-2-1024x684.jpeg\" alt=\"\" class=\"wp-image-19962\" srcset=\"https:\/\/www.radiointeractivo.com.mx\/wp-content\/uploads\/2026\/01\/WhatsApp-Image-2026-01-21-at-1.12.18-PM-2-1024x684.jpeg 1024w, https:\/\/www.radiointeractivo.com.mx\/wp-content\/uploads\/2026\/01\/WhatsApp-Image-2026-01-21-at-1.12.18-PM-2-300x200.jpeg 300w, https:\/\/www.radiointeractivo.com.mx\/wp-content\/uploads\/2026\/01\/WhatsApp-Image-2026-01-21-at-1.12.18-PM-2-768x513.jpeg 768w, https:\/\/www.radiointeractivo.com.mx\/wp-content\/uploads\/2026\/01\/WhatsApp-Image-2026-01-21-at-1.12.18-PM-2-1536x1026.jpeg 1536w, https:\/\/www.radiointeractivo.com.mx\/wp-content\/uploads\/2026\/01\/WhatsApp-Image-2026-01-21-at-1.12.18-PM-2.jpeg 1600w\" sizes=\"auto, (max-width: 1024px) 100vw, 1024px\" \/><\/figure>\n\n\n\n<p>Por: Staff | #NuevoLaredo #Laredo #NLD #Tamaulipas&nbsp;<\/p>\n\n\n\n<p>La primera Feria del Empleo 2026 dej\u00f3 una respuesta positiva entre la ciudadan\u00eda de Nuevo Laredo, al reunir a cientos de buscadores de trabajo y ofrecer m\u00e1s de mil 500 vacantes en distintos sectores productivos, en un esfuerzo que fue valorado como oportuno frente a la demanda laboral que enfrenta la ciudad.<\/p>\n\n\n\n<p>Durante la jornada, personas de diversas edades y perfiles coincidieron en que este tipo de encuentros representan una alternativa real para incorporarse al mercado laboral, ya sea para quienes han permanecido sin empleo durante varios meses o para j\u00f3venes que buscan su primera experiencia profesional.<\/p>\n\n\n\n<p>Luis Alejandro San Juan Botello comparti\u00f3 que llevaba cerca de cinco meses en b\u00fasqueda de trabajo y consider\u00f3 que la feria representa un respaldo directo para quienes atraviesan situaciones similares. Se\u00f1al\u00f3 que su inter\u00e9s se centra en el sector industrial, \u00e1mbito en el que ha desarrollado su experiencia, y reconoci\u00f3 que la cercan\u00eda de las empresas facilita el proceso de contrataci\u00f3n.<\/p>\n\n\n\n<p>Por su parte, \u00c1ngela Lizai resalt\u00f3 la diversidad de vacantes disponibles y la importancia de que las oportunidades se acerquen directamente a la poblaci\u00f3n. Destac\u00f3 que, adem\u00e1s de maquiladoras, participaron empresas de transporte y \u00e1reas administrativas, lo que ampl\u00eda las opciones para distintos perfiles laborales. Consider\u00f3, adem\u00e1s, que este tipo de eventos podr\u00edan realizarse con mayor frecuencia ante la dificultad actual para encontrar empleo.<\/p>\n\n\n\n<p>Desde una perspectiva familiar, Adelaida Villegas Rojas subray\u00f3 el impacto social de la feria al incluir opciones tanto para j\u00f3venes como para personas mayores. Coment\u00f3 que acudi\u00f3 acompa\u00f1ando a su hija, reci\u00e9n egresada de preparatoria, y consider\u00f3 que el evento abre una puerta importante para quienes inician su vida laboral.<\/p>\n\n\n\n<p>Gregorio Guerrero Guerrero coincidi\u00f3 en la necesidad de dar continuidad a este tipo de iniciativas, al se\u00f1alar que la oferta abarc\u00f3 distintas \u00e1reas, desde mantenimiento hasta puestos generales, y que la disposici\u00f3n a capacitarse y aprender es clave para aprovechar estas oportunidades.<\/p>\n\n\n\n<p>La Feria del Empleo 2026 forma parte de la estrategia del Gobierno Municipal, encabezado por la alcaldesa Carmen Lilia Canturosas Villarreal, orientada a fortalecer el empleo formal, vincular al sector empresarial con el talento local y generar condiciones que impulsen el desarrollo econ\u00f3mico de Nuevo Laredo como una ciudad de oportunidades.<\/p>\n","protected":false},"excerpt":{"rendered":"<p>Por: Staff | #NuevoLaredo #Laredo #NLD #Tamaulipas&nbsp; La primera Feria del Empleo 2026 dej\u00f3 una respuesta positiva entre la ciudadan\u00eda de Nuevo Laredo, al reunir a cientos de buscadores de trabajo y ofrecer m\u00e1s de mil 500 vacantes en distintos sectores productivos, en un esfuerzo que fue valorado como oportuno frente a la demanda laboral &hellip;<\/p>\n","protected":false},"author":1,"featured_media":19962,"comment_status":"open","ping_status":"open","sticky":false,"template":"","format":"standard","meta":{"footnotes":""},"categories":[38],"tags":[],"class_list":["post-19961","post","type-post","status-publish","format-standard","has-post-thumbnail","","category-nuevo-laredo"],"_links":{"self":[{"href":"https:\/\/www.radiointeractivo.com.mx\/index.php?rest_route=\/wp\/v2\/posts\/19961","targetHints":{"allow":["GET"]}}],"collection":[{"href":"https:\/\/www.radiointeractivo.com.mx\/index.php?rest_route=\/wp\/v2\/posts"}],"about":[{"href":"https:\/\/www.radiointeractivo.com.mx\/index.php?rest_route=\/wp\/v2\/types\/post"}],"author":[{"embeddable":true,"href":"https:\/\/www.radiointeractivo.com.mx\/index.php?rest_route=\/wp\/v2\/users\/1"}],"replies":[{"embeddable":true,"href":"https:\/\/www.radiointeractivo.com.mx\/index.php?rest_route=%2Fwp%2Fv2%2Fcomments&post=19961"}],"version-history":[{"count":1,"href":"https:\/\/www.radiointeractivo.com.mx\/index.php?rest_route=\/wp\/v2\/posts\/19961\/revisions"}],"predecessor-version":[{"id":19963,"href":"https:\/\/www.radiointeractivo.com.mx\/index.php?rest_route=\/wp\/v2\/posts\/19961\/revisions\/19963"}],"wp:featuredmedia":[{"embeddable":true,"href":"https:\/\/www.radiointeractivo.com.mx\/index.php?rest_route=\/wp\/v2\/media\/19962"}],"wp:attachment":[{"href":"https:\/\/www.radiointeractivo.com.mx\/index.php?rest_route=%2Fwp%2Fv2%2Fmedia&parent=19961"}],"wp:term":[{"taxonomy":"category","embeddable":true,"href":"https:\/\/www.radiointeractivo.com.mx\/index.php?rest_route=%2Fwp%2Fv2%2Fcategories&post=19961"},{"taxonomy":"post_tag","embeddable":true,"href":"https:\/\/www.radiointeractivo.com.mx\/index.php?rest_route=%2Fwp%2Fv2%2Ftags&post=19961"}],"curies":[{"name":"wp","href":"https:\/\/api.w.org\/{rel}","templated":true}]}}