{"id":1996,"date":"2023-09-24T17:55:58","date_gmt":"2023-09-24T22:55:58","guid":{"rendered":"https:\/\/www.radiointeractivo.com.mx\/?p=1996"},"modified":"2023-09-24T17:55:59","modified_gmt":"2023-09-24T22:55:59","slug":"muestran-con-fotografia-riqueza-natural-de-los-arrecifes-de-veracruz","status":"publish","type":"post","link":"https:\/\/www.radiointeractivo.com.mx\/?p=1996","title":{"rendered":"MUESTRAN CON FOTOGRAF\u00cdA RIQUEZA NATURAL DE LOS ARRECIFES DE VERACRUZ"},"content":{"rendered":"\n<p>Por: Staff | #NuevoLaredo #Tamaulipas<\/p>\n\n\n\n<p>La exposici\u00f3n fotogr\u00e1fica \u201cUna mirada a la riqueza natural acu\u00e1tica de M\u00e9xico\u201d en la que se muestran las especies que radican en el arrecife de Veracruz fue inaugurada en la Galer\u00eda Regional de Artes Visuales del Centro Cultural.<\/p>\n\n\n\n<p>El corte de list\u00f3n estuvo a cargo Valeria Mas, reconocida fot\u00f3grafa subacu\u00e1tica, quien adem\u00e1s present\u00f3 su libro \u201cTesoros Sumergidos\u201d; la secretaria de Bienestar Social, Liliana Arjona Barocio; Daniel del Fierro, director del Zool\u00f3gico y Acuario de Nuevo Laredo; y Marcos Rodr\u00edguez Leija, director de Arte y Cultura.<\/p>\n\n\n\n<p>La fot\u00f3grafa subacu\u00e1tica, Valeria Mas agradeci\u00f3 al gobierno municipal por brindar la oportunidad de exponer sus fotograf\u00edas con la comunidad neolaredense.<\/p>\n\n\n\n<p>Por su parte Liliana Arjona Barocio, secretaria de Bienestar Social se\u00f1al\u00f3 que la fotograf\u00eda es una herramienta fundamental para generar cambios en la mentalidad de la sociedad y lograr un mundo m\u00e1s justo y responsable.<\/p>\n\n\n\n<p>En este evento estuvieron presentes autoridades locales, estatales y de Laredo Texas.<\/p>\n","protected":false},"excerpt":{"rendered":"<p>Por: Staff | #NuevoLaredo #Tamaulipas La exposici\u00f3n fotogr\u00e1fica \u201cUna mirada a la riqueza natural acu\u00e1tica de M\u00e9xico\u201d en la que se muestran las especies que radican en el arrecife de Veracruz fue inaugurada en la Galer\u00eda Regional de Artes Visuales del Centro Cultural. El corte de list\u00f3n estuvo a cargo Valeria Mas, reconocida fot\u00f3grafa subacu\u00e1tica, &hellip;<\/p>\n","protected":false},"author":1,"featured_media":1997,"comment_status":"open","ping_status":"open","sticky":false,"template":"","format":"standard","meta":{"footnotes":""},"categories":[38],"tags":[],"class_list":["post-1996","post","type-post","status-publish","format-standard","has-post-thumbnail","","category-nuevo-laredo"],"_links":{"self":[{"href":"https:\/\/www.radiointeractivo.com.mx\/index.php?rest_route=\/wp\/v2\/posts\/1996","targetHints":{"allow":["GET"]}}],"collection":[{"href":"https:\/\/www.radiointeractivo.com.mx\/index.php?rest_route=\/wp\/v2\/posts"}],"about":[{"href":"https:\/\/www.radiointeractivo.com.mx\/index.php?rest_route=\/wp\/v2\/types\/post"}],"author":[{"embeddable":true,"href":"https:\/\/www.radiointeractivo.com.mx\/index.php?rest_route=\/wp\/v2\/users\/1"}],"replies":[{"embeddable":true,"href":"https:\/\/www.radiointeractivo.com.mx\/index.php?rest_route=%2Fwp%2Fv2%2Fcomments&post=1996"}],"version-history":[{"count":1,"href":"https:\/\/www.radiointeractivo.com.mx\/index.php?rest_route=\/wp\/v2\/posts\/1996\/revisions"}],"predecessor-version":[{"id":1998,"href":"https:\/\/www.radiointeractivo.com.mx\/index.php?rest_route=\/wp\/v2\/posts\/1996\/revisions\/1998"}],"wp:featuredmedia":[{"embeddable":true,"href":"https:\/\/www.radiointeractivo.com.mx\/index.php?rest_route=\/wp\/v2\/media\/1997"}],"wp:attachment":[{"href":"https:\/\/www.radiointeractivo.com.mx\/index.php?rest_route=%2Fwp%2Fv2%2Fmedia&parent=1996"}],"wp:term":[{"taxonomy":"category","embeddable":true,"href":"https:\/\/www.radiointeractivo.com.mx\/index.php?rest_route=%2Fwp%2Fv2%2Fcategories&post=1996"},{"taxonomy":"post_tag","embeddable":true,"href":"https:\/\/www.radiointeractivo.com.mx\/index.php?rest_route=%2Fwp%2Fv2%2Ftags&post=1996"}],"curies":[{"name":"wp","href":"https:\/\/api.w.org\/{rel}","templated":true}]}}