{"id":19958,"date":"2026-01-21T13:03:48","date_gmt":"2026-01-21T19:03:48","guid":{"rendered":"https:\/\/www.radiointeractivo.com.mx\/?p=19958"},"modified":"2026-01-21T13:03:50","modified_gmt":"2026-01-21T19:03:50","slug":"dif-nuevo-laredo-extiende-registro-para-programa-de-matrimonios-colectivos-2026","status":"publish","type":"post","link":"https:\/\/www.radiointeractivo.com.mx\/?p=19958","title":{"rendered":"DIF Nuevo Laredo extiende registro para programa de Matrimonios Colectivos 2026"},"content":{"rendered":"\n<figure class=\"wp-block-image size-large\"><img loading=\"lazy\" decoding=\"async\" width=\"1024\" height=\"682\" src=\"https:\/\/www.radiointeractivo.com.mx\/wp-content\/uploads\/2026\/01\/WhatsApp-Image-2026-01-21-at-11.28.15-AM-1-1024x682.jpeg\" alt=\"\" class=\"wp-image-19959\" srcset=\"https:\/\/www.radiointeractivo.com.mx\/wp-content\/uploads\/2026\/01\/WhatsApp-Image-2026-01-21-at-11.28.15-AM-1-1024x682.jpeg 1024w, https:\/\/www.radiointeractivo.com.mx\/wp-content\/uploads\/2026\/01\/WhatsApp-Image-2026-01-21-at-11.28.15-AM-1-300x200.jpeg 300w, https:\/\/www.radiointeractivo.com.mx\/wp-content\/uploads\/2026\/01\/WhatsApp-Image-2026-01-21-at-11.28.15-AM-1-768x512.jpeg 768w, https:\/\/www.radiointeractivo.com.mx\/wp-content\/uploads\/2026\/01\/WhatsApp-Image-2026-01-21-at-11.28.15-AM-1-310x205.jpeg 310w, https:\/\/www.radiointeractivo.com.mx\/wp-content\/uploads\/2026\/01\/WhatsApp-Image-2026-01-21-at-11.28.15-AM-1.jpeg 1280w\" sizes=\"auto, (max-width: 1024px) 100vw, 1024px\" \/><\/figure>\n\n\n\n<p>Por: Staff | #NuevoLaredo #Laredo #NLD #Tamaulipas<\/p>\n\n\n\n<p>El Sistema para el Desarrollo Integral de la Familia (DIF) Nuevo Laredo anunci\u00f3 la ampliaci\u00f3n del plazo de registro para el programa de Matrimonios Colectivos 2026, con el fin de que m\u00e1s parejas puedan acceder a este beneficio y celebrar su enlace civil de manera gratuita durante el mes de febrero.<\/p>\n\n\n\n<p>Las parejas interesadas tendr\u00e1n como fecha l\u00edmite el jueves 29 de enero para entregar su documentaci\u00f3n y cumplir con los requisitos establecidos. El programa est\u00e1 dirigido a personas adultas de nacionalidad mexicana que se encuentren en situaci\u00f3n de vulnerabilidad y que busquen formalizar su uni\u00f3n, brind\u00e1ndoles certeza jur\u00eddica y acceso a derechos legales.<\/p>\n\n\n\n<p>El tr\u00e1mite debe realizarse de forma personal en las oficinas del DIF Nuevo Laredo, ubicadas en la calle H\u00e9roe de Nacataz n\u00famero 2244, en el fraccionamiento Ojo Caliente, en un horario de atenci\u00f3n de lunes a viernes, de 8:00 de la ma\u00f1ana a 3:00 de la tarde. En el mismo lugar se lleva a cabo el estudio socioecon\u00f3mico y la recepci\u00f3n de documentos solicitados por el Registro Civil. Para mayores informes, el DIF puso a disposici\u00f3n el n\u00famero telef\u00f3nico 867 712 10 32.<\/p>\n\n\n\n<p>Entre los requisitos generales se encuentra ser mayor de edad, contar con nacionalidad mexicana, aprobar el estudio socioecon\u00f3mico del DIF y presentar la documentaci\u00f3n oficial exigida por el Registro Civil.<\/p>\n\n\n\n<p>Los documentos solicitados incluyen solicitud de matrimonio debidamente firmada por los contrayentes y sus testigos; actas de nacimiento en original y copia; identificaci\u00f3n oficial con fotograf\u00eda; CURP en formato actualizado; copias de identificaci\u00f3n y CURP de cuatro testigos mayores de 18 a\u00f1os, dos por cada contrayente, sin que sean padres ni personas extranjeras; certificados m\u00e9dicos prenupciales; constancia m\u00e9dica que acredite que no se padecen enfermedades cr\u00f3nicas o contagiosas; constancia de informaci\u00f3n sobre m\u00e9todos y riesgos concepcionales; comprobante de asistencia a pl\u00e1ticas sobre prevenci\u00f3n de la violencia intrafamiliar emitidas por el Instituto Municipal de la Mujer (INMUJER), as\u00ed como la declaraci\u00f3n del r\u00e9gimen patrimonial.<\/p>\n\n\n\n<p>En los casos en que alguno de los contrayentes haya estado casado con anterioridad, se deber\u00e1 presentar el acta de divorcio; si se trata de personas viudas, el acta de defunci\u00f3n de la pareja; y, en caso de nulidad, la copia certificada de la sentencia correspondiente.<\/p>\n","protected":false},"excerpt":{"rendered":"<p>Por: Staff | #NuevoLaredo #Laredo #NLD #Tamaulipas El Sistema para el Desarrollo Integral de la Familia (DIF) Nuevo Laredo anunci\u00f3 la ampliaci\u00f3n del plazo de registro para el programa de Matrimonios Colectivos 2026, con el fin de que m\u00e1s parejas puedan acceder a este beneficio y celebrar su enlace civil de manera gratuita durante el &hellip;<\/p>\n","protected":false},"author":1,"featured_media":19959,"comment_status":"open","ping_status":"open","sticky":false,"template":"","format":"standard","meta":{"footnotes":""},"categories":[38],"tags":[],"class_list":["post-19958","post","type-post","status-publish","format-standard","has-post-thumbnail","","category-nuevo-laredo"],"_links":{"self":[{"href":"https:\/\/www.radiointeractivo.com.mx\/index.php?rest_route=\/wp\/v2\/posts\/19958","targetHints":{"allow":["GET"]}}],"collection":[{"href":"https:\/\/www.radiointeractivo.com.mx\/index.php?rest_route=\/wp\/v2\/posts"}],"about":[{"href":"https:\/\/www.radiointeractivo.com.mx\/index.php?rest_route=\/wp\/v2\/types\/post"}],"author":[{"embeddable":true,"href":"https:\/\/www.radiointeractivo.com.mx\/index.php?rest_route=\/wp\/v2\/users\/1"}],"replies":[{"embeddable":true,"href":"https:\/\/www.radiointeractivo.com.mx\/index.php?rest_route=%2Fwp%2Fv2%2Fcomments&post=19958"}],"version-history":[{"count":1,"href":"https:\/\/www.radiointeractivo.com.mx\/index.php?rest_route=\/wp\/v2\/posts\/19958\/revisions"}],"predecessor-version":[{"id":19960,"href":"https:\/\/www.radiointeractivo.com.mx\/index.php?rest_route=\/wp\/v2\/posts\/19958\/revisions\/19960"}],"wp:featuredmedia":[{"embeddable":true,"href":"https:\/\/www.radiointeractivo.com.mx\/index.php?rest_route=\/wp\/v2\/media\/19959"}],"wp:attachment":[{"href":"https:\/\/www.radiointeractivo.com.mx\/index.php?rest_route=%2Fwp%2Fv2%2Fmedia&parent=19958"}],"wp:term":[{"taxonomy":"category","embeddable":true,"href":"https:\/\/www.radiointeractivo.com.mx\/index.php?rest_route=%2Fwp%2Fv2%2Fcategories&post=19958"},{"taxonomy":"post_tag","embeddable":true,"href":"https:\/\/www.radiointeractivo.com.mx\/index.php?rest_route=%2Fwp%2Fv2%2Ftags&post=19958"}],"curies":[{"name":"wp","href":"https:\/\/api.w.org\/{rel}","templated":true}]}}