{"id":19955,"date":"2026-01-21T12:55:08","date_gmt":"2026-01-21T18:55:08","guid":{"rendered":"https:\/\/www.radiointeractivo.com.mx\/?p=19955"},"modified":"2026-01-21T12:55:11","modified_gmt":"2026-01-21T18:55:11","slug":"abren-inscripciones-para-nueva-edicion-de-talleres-de-oficio-en-nuevo-laredo","status":"publish","type":"post","link":"https:\/\/www.radiointeractivo.com.mx\/?p=19955","title":{"rendered":"Abren inscripciones para nueva edici\u00f3n de Talleres de Oficio en Nuevo Laredo"},"content":{"rendered":"\n<figure class=\"wp-block-image size-large\"><img loading=\"lazy\" decoding=\"async\" width=\"1024\" height=\"684\" src=\"https:\/\/www.radiointeractivo.com.mx\/wp-content\/uploads\/2026\/01\/WhatsApp-Image-2026-01-21-at-11.25.09-AM-1-1024x684.jpeg\" alt=\"\" class=\"wp-image-19956\" srcset=\"https:\/\/www.radiointeractivo.com.mx\/wp-content\/uploads\/2026\/01\/WhatsApp-Image-2026-01-21-at-11.25.09-AM-1-1024x684.jpeg 1024w, https:\/\/www.radiointeractivo.com.mx\/wp-content\/uploads\/2026\/01\/WhatsApp-Image-2026-01-21-at-11.25.09-AM-1-300x200.jpeg 300w, https:\/\/www.radiointeractivo.com.mx\/wp-content\/uploads\/2026\/01\/WhatsApp-Image-2026-01-21-at-11.25.09-AM-1-768x513.jpeg 768w, https:\/\/www.radiointeractivo.com.mx\/wp-content\/uploads\/2026\/01\/WhatsApp-Image-2026-01-21-at-11.25.09-AM-1-1536x1026.jpeg 1536w, https:\/\/www.radiointeractivo.com.mx\/wp-content\/uploads\/2026\/01\/WhatsApp-Image-2026-01-21-at-11.25.09-AM-1.jpeg 1600w\" sizes=\"auto, (max-width: 1024px) 100vw, 1024px\" \/><\/figure>\n\n\n\n<p>El Gobierno Municipal de Nuevo Laredo puso en marcha el proceso de inscripci\u00f3n para una nueva generaci\u00f3n de Talleres de Oficio, un programa de capacitaci\u00f3n dise\u00f1ado para brindar herramientas pr\u00e1cticas de trabajo y fomentar el autoempleo entre j\u00f3venes y adultos de la ciudad.<\/p>\n\n\n\n<p>En esta convocatoria se contempla la impartici\u00f3n de 15 talleres distintos, los cuales se desarrollar\u00e1n de febrero a junio de 2026 en diferentes Centros Comunitarios, espacios TAMULES y otras sedes habilitadas en la ciudad. Las clases dar\u00e1n inicio el pr\u00f3ximo 16 de febrero.<\/p>\n\n\n\n<p>Las inscripciones estar\u00e1n abiertas del 19 al 30 de enero y se realizan de lunes a viernes. En los Centros Comunitarios y TAMULES, el horario de atenci\u00f3n ser\u00e1 de 12:00 del mediod\u00eda a 7:00 de la tarde, mientras que en la Secretar\u00eda de Bienestar Social el registro se efect\u00faa de 8:30 de la ma\u00f1ana a 3:00 de la tarde.<\/p>\n\n\n\n<p>El tr\u00e1mite de inscripci\u00f3n no tiene costo. \u00danicamente se solicita una cuota de recuperaci\u00f3n de 100 pesos al concluir el taller, correspondiente a la expedici\u00f3n de la constancia. La oferta de capacitaci\u00f3n incluye oficios como barber\u00eda, maquillaje y peinado, corte y confecci\u00f3n, panader\u00eda b\u00e1sica, aplicaci\u00f3n de u\u00f1as acr\u00edlicas, cocina, ingl\u00e9s b\u00e1sico y mantenimiento de equipos minisplit, entre otros.<\/p>\n\n\n\n<p>Para completar el registro, las y los aspirantes deber\u00e1n presentar acta de nacimiento, identificaci\u00f3n oficial, CURP, comprobante de domicilio y certificado de estudios. Las autoridades municipales informaron que los detalles sobre horarios espec\u00edficos y sedes pueden consultarse a trav\u00e9s de las redes sociales oficiales del Gobierno Municipal y de la Secretar\u00eda de Bienestar Social.<\/p>\n","protected":false},"excerpt":{"rendered":"<p>El Gobierno Municipal de Nuevo Laredo puso en marcha el proceso de inscripci\u00f3n para una nueva generaci\u00f3n de Talleres de Oficio, un programa de capacitaci\u00f3n dise\u00f1ado para brindar herramientas pr\u00e1cticas de trabajo y fomentar el autoempleo entre j\u00f3venes y adultos de la ciudad. En esta convocatoria se contempla la impartici\u00f3n de 15 talleres distintos, los &hellip;<\/p>\n","protected":false},"author":1,"featured_media":19956,"comment_status":"open","ping_status":"open","sticky":false,"template":"","format":"standard","meta":{"footnotes":""},"categories":[38],"tags":[],"class_list":["post-19955","post","type-post","status-publish","format-standard","has-post-thumbnail","","category-nuevo-laredo"],"_links":{"self":[{"href":"https:\/\/www.radiointeractivo.com.mx\/index.php?rest_route=\/wp\/v2\/posts\/19955","targetHints":{"allow":["GET"]}}],"collection":[{"href":"https:\/\/www.radiointeractivo.com.mx\/index.php?rest_route=\/wp\/v2\/posts"}],"about":[{"href":"https:\/\/www.radiointeractivo.com.mx\/index.php?rest_route=\/wp\/v2\/types\/post"}],"author":[{"embeddable":true,"href":"https:\/\/www.radiointeractivo.com.mx\/index.php?rest_route=\/wp\/v2\/users\/1"}],"replies":[{"embeddable":true,"href":"https:\/\/www.radiointeractivo.com.mx\/index.php?rest_route=%2Fwp%2Fv2%2Fcomments&post=19955"}],"version-history":[{"count":1,"href":"https:\/\/www.radiointeractivo.com.mx\/index.php?rest_route=\/wp\/v2\/posts\/19955\/revisions"}],"predecessor-version":[{"id":19957,"href":"https:\/\/www.radiointeractivo.com.mx\/index.php?rest_route=\/wp\/v2\/posts\/19955\/revisions\/19957"}],"wp:featuredmedia":[{"embeddable":true,"href":"https:\/\/www.radiointeractivo.com.mx\/index.php?rest_route=\/wp\/v2\/media\/19956"}],"wp:attachment":[{"href":"https:\/\/www.radiointeractivo.com.mx\/index.php?rest_route=%2Fwp%2Fv2%2Fmedia&parent=19955"}],"wp:term":[{"taxonomy":"category","embeddable":true,"href":"https:\/\/www.radiointeractivo.com.mx\/index.php?rest_route=%2Fwp%2Fv2%2Fcategories&post=19955"},{"taxonomy":"post_tag","embeddable":true,"href":"https:\/\/www.radiointeractivo.com.mx\/index.php?rest_route=%2Fwp%2Fv2%2Ftags&post=19955"}],"curies":[{"name":"wp","href":"https:\/\/api.w.org\/{rel}","templated":true}]}}