{"id":19951,"date":"2026-01-20T17:05:08","date_gmt":"2026-01-20T23:05:08","guid":{"rendered":"https:\/\/www.radiointeractivo.com.mx\/?p=19951"},"modified":"2026-01-20T17:05:11","modified_gmt":"2026-01-20T23:05:11","slug":"carmen-lilia-canturosas-refuerza-dialogo-y-colaboracion-con-lideres-religiosos-de-nuevo-laredo","status":"publish","type":"post","link":"https:\/\/www.radiointeractivo.com.mx\/?p=19951","title":{"rendered":"Carmen Lilia Canturosas refuerza di\u00e1logo y colaboraci\u00f3n con l\u00edderes religiosos de Nuevo Laredo"},"content":{"rendered":"\n<figure class=\"wp-block-image size-large\"><img loading=\"lazy\" decoding=\"async\" width=\"1024\" height=\"686\" src=\"https:\/\/www.radiointeractivo.com.mx\/wp-content\/uploads\/2026\/01\/WhatsApp-Image-2026-01-20-at-4.14.29-PM-1-1024x686.jpeg\" alt=\"\" class=\"wp-image-19952\" srcset=\"https:\/\/www.radiointeractivo.com.mx\/wp-content\/uploads\/2026\/01\/WhatsApp-Image-2026-01-20-at-4.14.29-PM-1-1024x686.jpeg 1024w, https:\/\/www.radiointeractivo.com.mx\/wp-content\/uploads\/2026\/01\/WhatsApp-Image-2026-01-20-at-4.14.29-PM-1-300x201.jpeg 300w, https:\/\/www.radiointeractivo.com.mx\/wp-content\/uploads\/2026\/01\/WhatsApp-Image-2026-01-20-at-4.14.29-PM-1-768x514.jpeg 768w, https:\/\/www.radiointeractivo.com.mx\/wp-content\/uploads\/2026\/01\/WhatsApp-Image-2026-01-20-at-4.14.29-PM-1-110x75.jpeg 110w, https:\/\/www.radiointeractivo.com.mx\/wp-content\/uploads\/2026\/01\/WhatsApp-Image-2026-01-20-at-4.14.29-PM-1.jpeg 1440w\" sizes=\"auto, (max-width: 1024px) 100vw, 1024px\" \/><\/figure>\n\n\n\n<p>Por: Staff | #NuevoLaredo #Laredo #NLD #Tamaulipas<\/p>\n\n\n\n<p>En un ambiente de respeto y apertura, la presidenta municipal de Nuevo Laredo, Carmen Lilia Canturosas Villarreal, sostuvo un encuentro con pastores cristianos y representantes de distintos ministerios religiosos, como parte del Desayuno Anual con L\u00edderes y Ministerios de N\u00facleos Religiosos de la ciudad.<\/p>\n\n\n\n<p>La reuni\u00f3n congreg\u00f3 a alrededor de 150 asistentes, provenientes de diversas iglesias y congregaciones, con el prop\u00f3sito de fortalecer los canales de di\u00e1logo y consolidar una agenda de colaboraci\u00f3n orientada al bienestar comunitario y la cohesi\u00f3n social.<\/p>\n\n\n\n<p>Durante su intervenci\u00f3n, la alcaldesa subray\u00f3 el papel que desempe\u00f1an las comunidades de fe en la construcci\u00f3n de una sociedad m\u00e1s solidaria, al promover valores que inciden directamente en la vida familiar, la convivencia pac\u00edfica y el tejido social. En ese contexto, reiter\u00f3 la disposici\u00f3n de su gobierno para mantener una relaci\u00f3n cercana y respetuosa con los distintos credos presentes en la ciudad.<\/p>\n\n\n\n<p>Canturosas Villarreal se\u00f1al\u00f3 que la cooperaci\u00f3n entre autoridades y organizaciones religiosas puede traducirse en acciones concretas que impacten de manera positiva en la poblaci\u00f3n, particularmente en los sectores m\u00e1s vulnerables, siempre dentro de un marco de pluralidad y respeto institucional.<\/p>\n\n\n\n<p>Los l\u00edderes religiosos participantes expresaron, a su vez, su voluntad de continuar trabajando de manera coordinada con el Gobierno Municipal, sumando esfuerzos en iniciativas de car\u00e1cter social, comunitario y humanitario.<\/p>\n\n\n\n<p>Al encuentro acudieron representantes de iglesias como la Iglesia Adventista del S\u00e9ptimo D\u00eda, el Centro Cristiano de Cristianos en Acci\u00f3n, la Iglesia de Dios en M\u00e9xico, la Asamblea de Dios y la congregaci\u00f3n Nueva Vida, quienes participaron activamente en el intercambio de ideas y reflexiones.<\/p>\n\n\n\n<p>Por su parte, el regidor Jos\u00e9 Hemin Pascacio Rodr\u00edguez destac\u00f3 la relevancia de este tipo de espacios, al considerar que permiten compartir propuestas y establecer compromisos que abonan tanto al desarrollo social como al fortalecimiento espiritual de la comunidad, bajo principios de unidad y colaboraci\u00f3n.<\/p>\n\n\n\n<p>La jornada incluy\u00f3 un mensaje de reflexi\u00f3n y un convivio que propici\u00f3 un acercamiento directo entre autoridades municipales y l\u00edderes religiosos, reafirmando un objetivo com\u00fan: trabajar de manera conjunta por la paz, la armon\u00eda y el bienestar de Nuevo Laredo.<\/p>\n","protected":false},"excerpt":{"rendered":"<p>Por: Staff | #NuevoLaredo #Laredo #NLD #Tamaulipas En un ambiente de respeto y apertura, la presidenta municipal de Nuevo Laredo, Carmen Lilia Canturosas Villarreal, sostuvo un encuentro con pastores cristianos y representantes de distintos ministerios religiosos, como parte del Desayuno Anual con L\u00edderes y Ministerios de N\u00facleos Religiosos de la ciudad. La reuni\u00f3n congreg\u00f3 a &hellip;<\/p>\n","protected":false},"author":1,"featured_media":19952,"comment_status":"open","ping_status":"open","sticky":false,"template":"","format":"standard","meta":{"footnotes":""},"categories":[38],"tags":[],"class_list":["post-19951","post","type-post","status-publish","format-standard","has-post-thumbnail","","category-nuevo-laredo"],"_links":{"self":[{"href":"https:\/\/www.radiointeractivo.com.mx\/index.php?rest_route=\/wp\/v2\/posts\/19951","targetHints":{"allow":["GET"]}}],"collection":[{"href":"https:\/\/www.radiointeractivo.com.mx\/index.php?rest_route=\/wp\/v2\/posts"}],"about":[{"href":"https:\/\/www.radiointeractivo.com.mx\/index.php?rest_route=\/wp\/v2\/types\/post"}],"author":[{"embeddable":true,"href":"https:\/\/www.radiointeractivo.com.mx\/index.php?rest_route=\/wp\/v2\/users\/1"}],"replies":[{"embeddable":true,"href":"https:\/\/www.radiointeractivo.com.mx\/index.php?rest_route=%2Fwp%2Fv2%2Fcomments&post=19951"}],"version-history":[{"count":1,"href":"https:\/\/www.radiointeractivo.com.mx\/index.php?rest_route=\/wp\/v2\/posts\/19951\/revisions"}],"predecessor-version":[{"id":19953,"href":"https:\/\/www.radiointeractivo.com.mx\/index.php?rest_route=\/wp\/v2\/posts\/19951\/revisions\/19953"}],"wp:featuredmedia":[{"embeddable":true,"href":"https:\/\/www.radiointeractivo.com.mx\/index.php?rest_route=\/wp\/v2\/media\/19952"}],"wp:attachment":[{"href":"https:\/\/www.radiointeractivo.com.mx\/index.php?rest_route=%2Fwp%2Fv2%2Fmedia&parent=19951"}],"wp:term":[{"taxonomy":"category","embeddable":true,"href":"https:\/\/www.radiointeractivo.com.mx\/index.php?rest_route=%2Fwp%2Fv2%2Fcategories&post=19951"},{"taxonomy":"post_tag","embeddable":true,"href":"https:\/\/www.radiointeractivo.com.mx\/index.php?rest_route=%2Fwp%2Fv2%2Ftags&post=19951"}],"curies":[{"name":"wp","href":"https:\/\/api.w.org\/{rel}","templated":true}]}}