{"id":19948,"date":"2026-01-20T15:12:11","date_gmt":"2026-01-20T21:12:11","guid":{"rendered":"https:\/\/www.radiointeractivo.com.mx\/?p=19948"},"modified":"2026-01-20T15:12:14","modified_gmt":"2026-01-20T21:12:14","slug":"municipio-refuerza-atencion-hospitalaria-del-imss-con-donacion-de-camas-y-sillas-de-ruedas","status":"publish","type":"post","link":"https:\/\/www.radiointeractivo.com.mx\/?p=19948","title":{"rendered":"Municipio refuerza atenci\u00f3n hospitalaria del IMSS con donaci\u00f3n de camas y sillas de ruedas"},"content":{"rendered":"\n<figure class=\"wp-block-image size-large\"><img loading=\"lazy\" decoding=\"async\" width=\"1024\" height=\"768\" src=\"https:\/\/www.radiointeractivo.com.mx\/wp-content\/uploads\/2026\/01\/WhatsApp-Image-2026-01-20-at-1.57.30-PM-1024x768.jpeg\" alt=\"\" class=\"wp-image-19949\" srcset=\"https:\/\/www.radiointeractivo.com.mx\/wp-content\/uploads\/2026\/01\/WhatsApp-Image-2026-01-20-at-1.57.30-PM-1024x768.jpeg 1024w, https:\/\/www.radiointeractivo.com.mx\/wp-content\/uploads\/2026\/01\/WhatsApp-Image-2026-01-20-at-1.57.30-PM-300x225.jpeg 300w, https:\/\/www.radiointeractivo.com.mx\/wp-content\/uploads\/2026\/01\/WhatsApp-Image-2026-01-20-at-1.57.30-PM-768x576.jpeg 768w, https:\/\/www.radiointeractivo.com.mx\/wp-content\/uploads\/2026\/01\/WhatsApp-Image-2026-01-20-at-1.57.30-PM-1536x1152.jpeg 1536w, https:\/\/www.radiointeractivo.com.mx\/wp-content\/uploads\/2026\/01\/WhatsApp-Image-2026-01-20-at-1.57.30-PM.jpeg 1600w\" sizes=\"auto, (max-width: 1024px) 100vw, 1024px\" \/><\/figure>\n\n\n\n<p>Por: Staff | #NuevoLaredo #Laredo #NLD #Tamaulipas<\/p>\n\n\n\n<p>Ante la creciente presi\u00f3n que enfrenta el sistema hospitalario en Nuevo Laredo, el Gobierno Municipal respondi\u00f3 de manera inmediata con la entrega de equipo m\u00e9dico al Instituto Mexicano del Seguro Social, en una acci\u00f3n orientada a mejorar las condiciones de atenci\u00f3n a los pacientes.<\/p>\n\n\n\n<p>La presidenta municipal, Carmen Lilia Canturosas Villarreal, dispuso la donaci\u00f3n de cinco camas hospitalarias y diez sillas de ruedas al hospital del IMSS en la ciudad, luego de detectarse una alta demanda de servicios que oblig\u00f3, en algunos casos, a atender a enfermos en espacios improvisados.<\/p>\n\n\n\n<p>El apoyo fue canalizado a trav\u00e9s de la Direcci\u00f3n de Protecci\u00f3n Civil y Bomberos, en coordinaci\u00f3n con el Sistema DIF Nuevo Laredo, cuyos elementos acudieron al nosocomio para hacer la entrega del mobiliario, mismo que fue incorporado de inmediato a las \u00e1reas de atenci\u00f3n m\u00e9dica.<\/p>\n\n\n\n<p>Desde la administraci\u00f3n municipal se subray\u00f3 que, cuando se trata de salud p\u00fablica, no existen barreras administrativas ni diferencias de competencia. La prioridad, se insisti\u00f3, es garantizar un trato digno a las y los pacientes, as\u00ed como aliviar la carga operativa de las instituciones de salud.<\/p>\n\n\n\n<p>Canturosas Villarreal se\u00f1al\u00f3 que su gobierno mantiene una pol\u00edtica de atenci\u00f3n directa a las problem\u00e1ticas m\u00e1s sensibles de la poblaci\u00f3n, particularmente aquellas relacionadas con la salud y la dignidad humana, y afirm\u00f3 que estas acciones se realizan en coordinaci\u00f3n con el Gobierno del Estado que encabeza Am\u00e9rico Villarreal Anaya.<\/p>\n\n\n\n<p>Este respaldo al IMSS no es un hecho aislado. En octubre de 2025, el Ayuntamiento ya hab\u00eda entregado 40 camas hospitalarias tanto al Hospital General de Zona No. 11 del IMSS como al Hospital General de Nuevo Laredo, como parte de un esfuerzo para fortalecer la infraestructura m\u00e9dica local.<\/p>\n\n\n\n<p>Con este tipo de medidas, el Gobierno Municipal reafirma su intenci\u00f3n de colocar al ciudadano en el centro de sus decisiones y de asumir la inversi\u00f3n en salud como una responsabilidad social ineludible, m\u00e1s all\u00e1 de los l\u00edmites administrativos o institucionales.<\/p>\n","protected":false},"excerpt":{"rendered":"<p>Por: Staff | #NuevoLaredo #Laredo #NLD #Tamaulipas Ante la creciente presi\u00f3n que enfrenta el sistema hospitalario en Nuevo Laredo, el Gobierno Municipal respondi\u00f3 de manera inmediata con la entrega de equipo m\u00e9dico al Instituto Mexicano del Seguro Social, en una acci\u00f3n orientada a mejorar las condiciones de atenci\u00f3n a los pacientes. La presidenta municipal, Carmen &hellip;<\/p>\n","protected":false},"author":1,"featured_media":19949,"comment_status":"open","ping_status":"open","sticky":false,"template":"","format":"standard","meta":{"footnotes":""},"categories":[38],"tags":[],"class_list":["post-19948","post","type-post","status-publish","format-standard","has-post-thumbnail","","category-nuevo-laredo"],"_links":{"self":[{"href":"https:\/\/www.radiointeractivo.com.mx\/index.php?rest_route=\/wp\/v2\/posts\/19948","targetHints":{"allow":["GET"]}}],"collection":[{"href":"https:\/\/www.radiointeractivo.com.mx\/index.php?rest_route=\/wp\/v2\/posts"}],"about":[{"href":"https:\/\/www.radiointeractivo.com.mx\/index.php?rest_route=\/wp\/v2\/types\/post"}],"author":[{"embeddable":true,"href":"https:\/\/www.radiointeractivo.com.mx\/index.php?rest_route=\/wp\/v2\/users\/1"}],"replies":[{"embeddable":true,"href":"https:\/\/www.radiointeractivo.com.mx\/index.php?rest_route=%2Fwp%2Fv2%2Fcomments&post=19948"}],"version-history":[{"count":1,"href":"https:\/\/www.radiointeractivo.com.mx\/index.php?rest_route=\/wp\/v2\/posts\/19948\/revisions"}],"predecessor-version":[{"id":19950,"href":"https:\/\/www.radiointeractivo.com.mx\/index.php?rest_route=\/wp\/v2\/posts\/19948\/revisions\/19950"}],"wp:featuredmedia":[{"embeddable":true,"href":"https:\/\/www.radiointeractivo.com.mx\/index.php?rest_route=\/wp\/v2\/media\/19949"}],"wp:attachment":[{"href":"https:\/\/www.radiointeractivo.com.mx\/index.php?rest_route=%2Fwp%2Fv2%2Fmedia&parent=19948"}],"wp:term":[{"taxonomy":"category","embeddable":true,"href":"https:\/\/www.radiointeractivo.com.mx\/index.php?rest_route=%2Fwp%2Fv2%2Fcategories&post=19948"},{"taxonomy":"post_tag","embeddable":true,"href":"https:\/\/www.radiointeractivo.com.mx\/index.php?rest_route=%2Fwp%2Fv2%2Ftags&post=19948"}],"curies":[{"name":"wp","href":"https:\/\/api.w.org\/{rel}","templated":true}]}}