{"id":19942,"date":"2026-01-20T14:40:40","date_gmt":"2026-01-20T20:40:40","guid":{"rendered":"https:\/\/www.radiointeractivo.com.mx\/?p=19942"},"modified":"2026-01-20T14:40:45","modified_gmt":"2026-01-20T20:40:45","slug":"nuevo-laredo-ofrece-ivermectina-gratuita-para-fortalecer-la-sanidad-del-hato-ganadero","status":"publish","type":"post","link":"https:\/\/www.radiointeractivo.com.mx\/?p=19942","title":{"rendered":"Nuevo Laredo ofrece ivermectina gratuita para fortalecer la sanidad del hato ganadero"},"content":{"rendered":"\n<figure class=\"wp-block-image size-large\"><img loading=\"lazy\" decoding=\"async\" width=\"1024\" height=\"682\" src=\"https:\/\/www.radiointeractivo.com.mx\/wp-content\/uploads\/2026\/01\/WhatsApp-Image-2026-01-20-at-11.41.06-AM-1-1024x682.jpeg\" alt=\"\" class=\"wp-image-19943\" srcset=\"https:\/\/www.radiointeractivo.com.mx\/wp-content\/uploads\/2026\/01\/WhatsApp-Image-2026-01-20-at-11.41.06-AM-1-1024x682.jpeg 1024w, https:\/\/www.radiointeractivo.com.mx\/wp-content\/uploads\/2026\/01\/WhatsApp-Image-2026-01-20-at-11.41.06-AM-1-300x200.jpeg 300w, https:\/\/www.radiointeractivo.com.mx\/wp-content\/uploads\/2026\/01\/WhatsApp-Image-2026-01-20-at-11.41.06-AM-1-768x512.jpeg 768w, https:\/\/www.radiointeractivo.com.mx\/wp-content\/uploads\/2026\/01\/WhatsApp-Image-2026-01-20-at-11.41.06-AM-1-1536x1023.jpeg 1536w, https:\/\/www.radiointeractivo.com.mx\/wp-content\/uploads\/2026\/01\/WhatsApp-Image-2026-01-20-at-11.41.06-AM-1-310x205.jpeg 310w, https:\/\/www.radiointeractivo.com.mx\/wp-content\/uploads\/2026\/01\/WhatsApp-Image-2026-01-20-at-11.41.06-AM-1.jpeg 1600w\" sizes=\"auto, (max-width: 1024px) 100vw, 1024px\" \/><\/figure>\n\n\n\n<p>Por: Staff | #NuevoLaredo #Laredo #NLD #Tamaulipas<\/p>\n\n\n\n<p>El Gobierno Municipal de Nuevo Laredo lanz\u00f3 una invitaci\u00f3n directa a los peque\u00f1os ganaderos para incorporarse a un programa permanente de sanidad animal que contempla la aplicaci\u00f3n gratuita de ivermectina, con el objetivo de mejorar las condiciones de salud y productividad del ganado en la regi\u00f3n.<\/p>\n\n\n\n<p>La estrategia, coordinada por la Direcci\u00f3n de Desarrollo Rural, busca atender uno de los problemas m\u00e1s recurrentes en las unidades de producci\u00f3n pecuaria: la presencia de par\u00e1sitos internos y externos, factores que inciden de manera negativa en el bienestar de los animales y en el rendimiento econ\u00f3mico de los productores.<\/p>\n\n\n\n<p>De acuerdo con la autoridad municipal, el apoyo cubre la aplicaci\u00f3n del medicamento hasta en 50 cabezas de ganado por productor, lo que representa no solo una medida preventiva relevante en materia sanitaria, sino tambi\u00e9n un alivio econ\u00f3mico para los ganaderos, al reducir costos en tratamientos veterinarios.<\/p>\n\n\n\n<p>Con esta acci\u00f3n, el Ayuntamiento afirma reforzar su pol\u00edtica de respaldo al sector rural, apostando por una ganader\u00eda m\u00e1s eficiente, ordenada y sustentable, en beneficio del campo neolaredense.<\/p>\n\n\n\n<p>Las y los interesados pueden acudir a las oficinas de la Direcci\u00f3n de Desarrollo Rural, ubicadas en la calle Matamoros n\u00famero 309, altos, en el sector centro de la ciudad, donde se brinda informaci\u00f3n y asesor\u00eda para acceder a este programa de apoyo al sector pecuario.<\/p>\n","protected":false},"excerpt":{"rendered":"<p>Por: Staff | #NuevoLaredo #Laredo #NLD #Tamaulipas El Gobierno Municipal de Nuevo Laredo lanz\u00f3 una invitaci\u00f3n directa a los peque\u00f1os ganaderos para incorporarse a un programa permanente de sanidad animal que contempla la aplicaci\u00f3n gratuita de ivermectina, con el objetivo de mejorar las condiciones de salud y productividad del ganado en la regi\u00f3n. La estrategia, &hellip;<\/p>\n","protected":false},"author":1,"featured_media":19943,"comment_status":"open","ping_status":"open","sticky":false,"template":"","format":"standard","meta":{"footnotes":""},"categories":[38],"tags":[],"class_list":["post-19942","post","type-post","status-publish","format-standard","has-post-thumbnail","","category-nuevo-laredo"],"_links":{"self":[{"href":"https:\/\/www.radiointeractivo.com.mx\/index.php?rest_route=\/wp\/v2\/posts\/19942","targetHints":{"allow":["GET"]}}],"collection":[{"href":"https:\/\/www.radiointeractivo.com.mx\/index.php?rest_route=\/wp\/v2\/posts"}],"about":[{"href":"https:\/\/www.radiointeractivo.com.mx\/index.php?rest_route=\/wp\/v2\/types\/post"}],"author":[{"embeddable":true,"href":"https:\/\/www.radiointeractivo.com.mx\/index.php?rest_route=\/wp\/v2\/users\/1"}],"replies":[{"embeddable":true,"href":"https:\/\/www.radiointeractivo.com.mx\/index.php?rest_route=%2Fwp%2Fv2%2Fcomments&post=19942"}],"version-history":[{"count":1,"href":"https:\/\/www.radiointeractivo.com.mx\/index.php?rest_route=\/wp\/v2\/posts\/19942\/revisions"}],"predecessor-version":[{"id":19944,"href":"https:\/\/www.radiointeractivo.com.mx\/index.php?rest_route=\/wp\/v2\/posts\/19942\/revisions\/19944"}],"wp:featuredmedia":[{"embeddable":true,"href":"https:\/\/www.radiointeractivo.com.mx\/index.php?rest_route=\/wp\/v2\/media\/19943"}],"wp:attachment":[{"href":"https:\/\/www.radiointeractivo.com.mx\/index.php?rest_route=%2Fwp%2Fv2%2Fmedia&parent=19942"}],"wp:term":[{"taxonomy":"category","embeddable":true,"href":"https:\/\/www.radiointeractivo.com.mx\/index.php?rest_route=%2Fwp%2Fv2%2Fcategories&post=19942"},{"taxonomy":"post_tag","embeddable":true,"href":"https:\/\/www.radiointeractivo.com.mx\/index.php?rest_route=%2Fwp%2Fv2%2Ftags&post=19942"}],"curies":[{"name":"wp","href":"https:\/\/api.w.org\/{rel}","templated":true}]}}