{"id":19935,"date":"2026-01-19T15:52:01","date_gmt":"2026-01-19T21:52:01","guid":{"rendered":"https:\/\/www.radiointeractivo.com.mx\/?p=19935"},"modified":"2026-01-19T15:52:03","modified_gmt":"2026-01-19T21:52:03","slug":"lista-la-primera-feria-del-empleo-2026-impulsada-por-el-gobierno-municipal","status":"publish","type":"post","link":"https:\/\/www.radiointeractivo.com.mx\/?p=19935","title":{"rendered":"Lista la Primera Feria del Empleo 2026 impulsada por el Gobierno Municipal"},"content":{"rendered":"\n<figure class=\"wp-block-image size-large\"><img loading=\"lazy\" decoding=\"async\" width=\"1024\" height=\"684\" src=\"https:\/\/www.radiointeractivo.com.mx\/wp-content\/uploads\/2026\/01\/WhatsApp-Image-2026-01-19-at-2.59.27-PM-1024x684.jpeg\" alt=\"\" class=\"wp-image-19936\" srcset=\"https:\/\/www.radiointeractivo.com.mx\/wp-content\/uploads\/2026\/01\/WhatsApp-Image-2026-01-19-at-2.59.27-PM-1024x684.jpeg 1024w, https:\/\/www.radiointeractivo.com.mx\/wp-content\/uploads\/2026\/01\/WhatsApp-Image-2026-01-19-at-2.59.27-PM-300x200.jpeg 300w, https:\/\/www.radiointeractivo.com.mx\/wp-content\/uploads\/2026\/01\/WhatsApp-Image-2026-01-19-at-2.59.27-PM-768x513.jpeg 768w, https:\/\/www.radiointeractivo.com.mx\/wp-content\/uploads\/2026\/01\/WhatsApp-Image-2026-01-19-at-2.59.27-PM-1536x1026.jpeg 1536w, https:\/\/www.radiointeractivo.com.mx\/wp-content\/uploads\/2026\/01\/WhatsApp-Image-2026-01-19-at-2.59.27-PM.jpeg 1600w\" sizes=\"auto, (max-width: 1024px) 100vw, 1024px\" \/><\/figure>\n\n\n\n<p>Por: Staff | #NuevoLaredo #Laredo #NLD #Tamaulipas<\/p>\n\n\n\n<p>La Secretar\u00eda de Desarrollo Econ\u00f3mico de Nuevo Laredo confirm\u00f3 que se encuentra todo preparado para la realizaci\u00f3n de la Primera Feria del Empleo 2026, la cual tendr\u00e1 lugar este mi\u00e9rcoles 21 de enero en el Polyforum La Fe, en un horario de 9:00 de la ma\u00f1ana a 2:00 de la tarde.<\/p>\n\n\n\n<p>Durante la jornada se pondr\u00e1n a disposici\u00f3n de la ciudadan\u00eda m\u00e1s de mil 500 vacantes, ofrecidas por alrededor de 90 empresas de los sectores comercial, industrial y de servicios, lo que convierte al evento en una plataforma relevante para quienes buscan integrarse al mercado laboral o mejorar sus condiciones de empleo.<\/p>\n\n\n\n<p>Esta feria se inscribe dentro de las acciones permanentes del Gobierno Municipal orientadas a fortalecer la vinculaci\u00f3n entre empleadores y buscadores de trabajo, al concentrar en un mismo espacio diversas opciones laborales y procesos de reclutamiento directo.<\/p>\n\n\n\n<p>Las autoridades invitaron a las y los interesados a acudir con tiempo y llevar consigo solicitud de empleo, identificaci\u00f3n oficial y datos generales, a fin de aprovechar la oportunidad de postularse a distintas vacantes y conocer de primera mano la oferta disponible.<\/p>\n\n\n\n<p>Con iniciativas de este tipo, Nuevo Laredo refrenda su apuesta por el desarrollo econ\u00f3mico y la generaci\u00f3n de empleo, en un escenario que apunta a un 2026 con mayor dinamismo y nuevas oportunidades para la poblaci\u00f3n.<\/p>\n","protected":false},"excerpt":{"rendered":"<p>Por: Staff | #NuevoLaredo #Laredo #NLD #Tamaulipas La Secretar\u00eda de Desarrollo Econ\u00f3mico de Nuevo Laredo confirm\u00f3 que se encuentra todo preparado para la realizaci\u00f3n de la Primera Feria del Empleo 2026, la cual tendr\u00e1 lugar este mi\u00e9rcoles 21 de enero en el Polyforum La Fe, en un horario de 9:00 de la ma\u00f1ana a 2:00 &hellip;<\/p>\n","protected":false},"author":1,"featured_media":19936,"comment_status":"open","ping_status":"open","sticky":false,"template":"","format":"standard","meta":{"footnotes":""},"categories":[38],"tags":[],"class_list":["post-19935","post","type-post","status-publish","format-standard","has-post-thumbnail","","category-nuevo-laredo"],"_links":{"self":[{"href":"https:\/\/www.radiointeractivo.com.mx\/index.php?rest_route=\/wp\/v2\/posts\/19935","targetHints":{"allow":["GET"]}}],"collection":[{"href":"https:\/\/www.radiointeractivo.com.mx\/index.php?rest_route=\/wp\/v2\/posts"}],"about":[{"href":"https:\/\/www.radiointeractivo.com.mx\/index.php?rest_route=\/wp\/v2\/types\/post"}],"author":[{"embeddable":true,"href":"https:\/\/www.radiointeractivo.com.mx\/index.php?rest_route=\/wp\/v2\/users\/1"}],"replies":[{"embeddable":true,"href":"https:\/\/www.radiointeractivo.com.mx\/index.php?rest_route=%2Fwp%2Fv2%2Fcomments&post=19935"}],"version-history":[{"count":1,"href":"https:\/\/www.radiointeractivo.com.mx\/index.php?rest_route=\/wp\/v2\/posts\/19935\/revisions"}],"predecessor-version":[{"id":19937,"href":"https:\/\/www.radiointeractivo.com.mx\/index.php?rest_route=\/wp\/v2\/posts\/19935\/revisions\/19937"}],"wp:featuredmedia":[{"embeddable":true,"href":"https:\/\/www.radiointeractivo.com.mx\/index.php?rest_route=\/wp\/v2\/media\/19936"}],"wp:attachment":[{"href":"https:\/\/www.radiointeractivo.com.mx\/index.php?rest_route=%2Fwp%2Fv2%2Fmedia&parent=19935"}],"wp:term":[{"taxonomy":"category","embeddable":true,"href":"https:\/\/www.radiointeractivo.com.mx\/index.php?rest_route=%2Fwp%2Fv2%2Fcategories&post=19935"},{"taxonomy":"post_tag","embeddable":true,"href":"https:\/\/www.radiointeractivo.com.mx\/index.php?rest_route=%2Fwp%2Fv2%2Ftags&post=19935"}],"curies":[{"name":"wp","href":"https:\/\/api.w.org\/{rel}","templated":true}]}}