{"id":19932,"date":"2026-01-19T15:31:15","date_gmt":"2026-01-19T21:31:15","guid":{"rendered":"https:\/\/www.radiointeractivo.com.mx\/?p=19932"},"modified":"2026-01-19T15:31:17","modified_gmt":"2026-01-19T21:31:17","slug":"jovenes-boxeadores-disputan-selectivo-municipal-rumbo-a-la-conade-2026","status":"publish","type":"post","link":"https:\/\/www.radiointeractivo.com.mx\/?p=19932","title":{"rendered":"J\u00f3venes boxeadores disputan selectivo municipal rumbo a la CONADE 2026"},"content":{"rendered":"\n<figure class=\"wp-block-image size-large\"><img loading=\"lazy\" decoding=\"async\" width=\"1024\" height=\"684\" src=\"https:\/\/www.radiointeractivo.com.mx\/wp-content\/uploads\/2026\/01\/WhatsApp-Image-2026-01-19-at-2.03.05-PM-1-1024x684.jpeg\" alt=\"\" class=\"wp-image-19933\" srcset=\"https:\/\/www.radiointeractivo.com.mx\/wp-content\/uploads\/2026\/01\/WhatsApp-Image-2026-01-19-at-2.03.05-PM-1-1024x684.jpeg 1024w, https:\/\/www.radiointeractivo.com.mx\/wp-content\/uploads\/2026\/01\/WhatsApp-Image-2026-01-19-at-2.03.05-PM-1-300x200.jpeg 300w, https:\/\/www.radiointeractivo.com.mx\/wp-content\/uploads\/2026\/01\/WhatsApp-Image-2026-01-19-at-2.03.05-PM-1-768x513.jpeg 768w, https:\/\/www.radiointeractivo.com.mx\/wp-content\/uploads\/2026\/01\/WhatsApp-Image-2026-01-19-at-2.03.05-PM-1-1536x1026.jpeg 1536w, https:\/\/www.radiointeractivo.com.mx\/wp-content\/uploads\/2026\/01\/WhatsApp-Image-2026-01-19-at-2.03.05-PM-1.jpeg 1600w\" sizes=\"auto, (max-width: 1024px) 100vw, 1024px\" \/><\/figure>\n\n\n\n<p>Por: Staff | #NuevoLaredo #Laredo #NLD #Tamaulipas<\/p>\n\n\n\n<p>Con combates intensos y un alto nivel competitivo, se realiz\u00f3 el Selectivo Municipal de Boxeo 2026 \u201cCamino a CONADE\u201d, certamen que permiti\u00f3 constatar el buen momento que vive esta disciplina en Nuevo Laredo y el talento emergente entre sus j\u00f3venes exponentes.<\/p>\n\n\n\n<p>En la jornada participaron alrededor de 40 pugilistas, quienes protagonizaron 16 peleas marcadas por la t\u00e9cnica, la disciplina y la determinaci\u00f3n de cada contendiente. Sobre el ring, las y los atletas ofrecieron actuaciones s\u00f3lidas que reflejaron horas de preparaci\u00f3n f\u00edsica, trabajo mental y un firme compromiso con su desarrollo deportivo.<\/p>\n\n\n\n<p>Cada enfrentamiento represent\u00f3 una oportunidad para avanzar en el proceso de selecci\u00f3n estatal y mantener vivo el objetivo de integrar la delegaci\u00f3n que competir\u00e1 en los Juegos CONADE 2026. El nivel mostrado dej\u00f3 en claro que el boxeo local contin\u00faa en una etapa de crecimiento y consolidaci\u00f3n, respaldado por j\u00f3venes con car\u00e1cter y ambici\u00f3n competitiva.<\/p>\n\n\n\n<p>Este tipo de selectivos no solo fortalecen la competencia sana, sino que tambi\u00e9n consolidan al deporte como una v\u00eda de formaci\u00f3n integral y orgullo comunitario, posicionando a Nuevo Laredo como una plaza con proyecci\u00f3n y semillero de nuevos talentos en el boxeo amateur.<\/p>\n","protected":false},"excerpt":{"rendered":"<p>Por: Staff | #NuevoLaredo #Laredo #NLD #Tamaulipas Con combates intensos y un alto nivel competitivo, se realiz\u00f3 el Selectivo Municipal de Boxeo 2026 \u201cCamino a CONADE\u201d, certamen que permiti\u00f3 constatar el buen momento que vive esta disciplina en Nuevo Laredo y el talento emergente entre sus j\u00f3venes exponentes. En la jornada participaron alrededor de 40 &hellip;<\/p>\n","protected":false},"author":1,"featured_media":19933,"comment_status":"open","ping_status":"open","sticky":false,"template":"","format":"standard","meta":{"footnotes":""},"categories":[38],"tags":[],"class_list":["post-19932","post","type-post","status-publish","format-standard","has-post-thumbnail","","category-nuevo-laredo"],"_links":{"self":[{"href":"https:\/\/www.radiointeractivo.com.mx\/index.php?rest_route=\/wp\/v2\/posts\/19932","targetHints":{"allow":["GET"]}}],"collection":[{"href":"https:\/\/www.radiointeractivo.com.mx\/index.php?rest_route=\/wp\/v2\/posts"}],"about":[{"href":"https:\/\/www.radiointeractivo.com.mx\/index.php?rest_route=\/wp\/v2\/types\/post"}],"author":[{"embeddable":true,"href":"https:\/\/www.radiointeractivo.com.mx\/index.php?rest_route=\/wp\/v2\/users\/1"}],"replies":[{"embeddable":true,"href":"https:\/\/www.radiointeractivo.com.mx\/index.php?rest_route=%2Fwp%2Fv2%2Fcomments&post=19932"}],"version-history":[{"count":1,"href":"https:\/\/www.radiointeractivo.com.mx\/index.php?rest_route=\/wp\/v2\/posts\/19932\/revisions"}],"predecessor-version":[{"id":19934,"href":"https:\/\/www.radiointeractivo.com.mx\/index.php?rest_route=\/wp\/v2\/posts\/19932\/revisions\/19934"}],"wp:featuredmedia":[{"embeddable":true,"href":"https:\/\/www.radiointeractivo.com.mx\/index.php?rest_route=\/wp\/v2\/media\/19933"}],"wp:attachment":[{"href":"https:\/\/www.radiointeractivo.com.mx\/index.php?rest_route=%2Fwp%2Fv2%2Fmedia&parent=19932"}],"wp:term":[{"taxonomy":"category","embeddable":true,"href":"https:\/\/www.radiointeractivo.com.mx\/index.php?rest_route=%2Fwp%2Fv2%2Fcategories&post=19932"},{"taxonomy":"post_tag","embeddable":true,"href":"https:\/\/www.radiointeractivo.com.mx\/index.php?rest_route=%2Fwp%2Fv2%2Ftags&post=19932"}],"curies":[{"name":"wp","href":"https:\/\/api.w.org\/{rel}","templated":true}]}}