{"id":1993,"date":"2023-09-24T17:35:33","date_gmt":"2023-09-24T22:35:33","guid":{"rendered":"https:\/\/www.radiointeractivo.com.mx\/?p=1993"},"modified":"2023-09-24T17:35:33","modified_gmt":"2023-09-24T22:35:33","slug":"instala-la-contraloria-gubernamental-de-tamaulipas-el-primer-cocodi","status":"publish","type":"post","link":"https:\/\/www.radiointeractivo.com.mx\/?p=1993","title":{"rendered":"Instala la Contralor\u00eda Gubernamental de Tamaulipas el primer COCODI"},"content":{"rendered":"\n<p>Por: Agencias<\/p>\n\n\n\n<p>Ciudad Victoria, Tamaulipas. Asegurando compromiso, responsabilidad y resultados tangibles, la Contralor\u00eda Gubernamental instal\u00f3 en Tamaulipas, el primer Comit\u00e9 de Control y Desempe\u00f1o Institucional.<\/p>\n\n\n\n<p>&#8220;Con esta acci\u00f3n la Contralor\u00eda Gubernamental es ejemplo para consolidar una de las estrategias m\u00e1s importantes del control interno en las instituciones de la Administraci\u00f3n p\u00fablica estatal, pues contribuye a elevar el desempe\u00f1o en la gesti\u00f3n gubernamental y alinea a Tamaulipas a las pol\u00edticas p\u00fablicas a nivel federaci\u00f3n&#8221;, afirm\u00f3 en su discurso Norma Ang\u00e9lica Pedraza Melo, contralora gubernamental del Estado y presidenta del Comit\u00e9 de Control y Desempe\u00f1o Institucional.<\/p>\n\n\n\n<p>Los Comit\u00e9s de Control y Desempe\u00f1o Institucional en un proceso gradual de instalaci\u00f3n, se presentar\u00e1n en dependencias y entidades de la Administraci\u00f3n p\u00fablica estatal, privilegiando el impulso a la aplicaci\u00f3n de medidas preventivas para evitar la materializaci\u00f3n de riesgos y evitar la recurrencia de observaciones de los \u00d3rganos Internos de Control.<\/p>\n\n\n\n<p>Asimismo, establecer\u00e1n acciones preventivas en la ejecuci\u00f3n de los programas, presupuesto y procesos institucionales y agregar valor a la gesti\u00f3n institucional, a trav\u00e9s de compromisos que solucionen los asuntos que se presentan en los temas analizados en las sesiones.<\/p>\n","protected":false},"excerpt":{"rendered":"<p>Por: Agencias Ciudad Victoria, Tamaulipas. Asegurando compromiso, responsabilidad y resultados tangibles, la Contralor\u00eda Gubernamental instal\u00f3 en Tamaulipas, el primer Comit\u00e9 de Control y Desempe\u00f1o Institucional. &#8220;Con esta acci\u00f3n la Contralor\u00eda Gubernamental es ejemplo para consolidar una de las estrategias m\u00e1s importantes del control interno en las instituciones de la Administraci\u00f3n p\u00fablica estatal, pues contribuye a &hellip;<\/p>\n","protected":false},"author":1,"featured_media":1994,"comment_status":"open","ping_status":"open","sticky":false,"template":"","format":"standard","meta":{"footnotes":""},"categories":[39],"tags":[],"class_list":["post-1993","post","type-post","status-publish","format-standard","has-post-thumbnail","","category-tamaulipas"],"_links":{"self":[{"href":"https:\/\/www.radiointeractivo.com.mx\/index.php?rest_route=\/wp\/v2\/posts\/1993","targetHints":{"allow":["GET"]}}],"collection":[{"href":"https:\/\/www.radiointeractivo.com.mx\/index.php?rest_route=\/wp\/v2\/posts"}],"about":[{"href":"https:\/\/www.radiointeractivo.com.mx\/index.php?rest_route=\/wp\/v2\/types\/post"}],"author":[{"embeddable":true,"href":"https:\/\/www.radiointeractivo.com.mx\/index.php?rest_route=\/wp\/v2\/users\/1"}],"replies":[{"embeddable":true,"href":"https:\/\/www.radiointeractivo.com.mx\/index.php?rest_route=%2Fwp%2Fv2%2Fcomments&post=1993"}],"version-history":[{"count":1,"href":"https:\/\/www.radiointeractivo.com.mx\/index.php?rest_route=\/wp\/v2\/posts\/1993\/revisions"}],"predecessor-version":[{"id":1995,"href":"https:\/\/www.radiointeractivo.com.mx\/index.php?rest_route=\/wp\/v2\/posts\/1993\/revisions\/1995"}],"wp:featuredmedia":[{"embeddable":true,"href":"https:\/\/www.radiointeractivo.com.mx\/index.php?rest_route=\/wp\/v2\/media\/1994"}],"wp:attachment":[{"href":"https:\/\/www.radiointeractivo.com.mx\/index.php?rest_route=%2Fwp%2Fv2%2Fmedia&parent=1993"}],"wp:term":[{"taxonomy":"category","embeddable":true,"href":"https:\/\/www.radiointeractivo.com.mx\/index.php?rest_route=%2Fwp%2Fv2%2Fcategories&post=1993"},{"taxonomy":"post_tag","embeddable":true,"href":"https:\/\/www.radiointeractivo.com.mx\/index.php?rest_route=%2Fwp%2Fv2%2Ftags&post=1993"}],"curies":[{"name":"wp","href":"https:\/\/api.w.org\/{rel}","templated":true}]}}