{"id":19929,"date":"2026-01-19T15:25:15","date_gmt":"2026-01-19T21:25:15","guid":{"rendered":"https:\/\/www.radiointeractivo.com.mx\/?p=19929"},"modified":"2026-01-19T15:25:19","modified_gmt":"2026-01-19T21:25:19","slug":"proteccion-civil-y-bomberos-activa-operativo-carrusel-por-descenso-de-temperaturas-en-nuevo-laredo","status":"publish","type":"post","link":"https:\/\/www.radiointeractivo.com.mx\/?p=19929","title":{"rendered":"Protecci\u00f3n Civil y Bomberos activa Operativo Carrusel por descenso de temperaturas en Nuevo Laredo"},"content":{"rendered":"\n<figure class=\"wp-block-image size-large\"><img loading=\"lazy\" decoding=\"async\" width=\"1024\" height=\"473\" src=\"https:\/\/www.radiointeractivo.com.mx\/wp-content\/uploads\/2026\/01\/WhatsApp-Image-2026-01-19-at-2.01.43-PM-1024x473.jpeg\" alt=\"\" class=\"wp-image-19930\" srcset=\"https:\/\/www.radiointeractivo.com.mx\/wp-content\/uploads\/2026\/01\/WhatsApp-Image-2026-01-19-at-2.01.43-PM-1024x473.jpeg 1024w, https:\/\/www.radiointeractivo.com.mx\/wp-content\/uploads\/2026\/01\/WhatsApp-Image-2026-01-19-at-2.01.43-PM-300x139.jpeg 300w, https:\/\/www.radiointeractivo.com.mx\/wp-content\/uploads\/2026\/01\/WhatsApp-Image-2026-01-19-at-2.01.43-PM-768x355.jpeg 768w, https:\/\/www.radiointeractivo.com.mx\/wp-content\/uploads\/2026\/01\/WhatsApp-Image-2026-01-19-at-2.01.43-PM-1536x709.jpeg 1536w, https:\/\/www.radiointeractivo.com.mx\/wp-content\/uploads\/2026\/01\/WhatsApp-Image-2026-01-19-at-2.01.43-PM.jpeg 1600w\" sizes=\"auto, (max-width: 1024px) 100vw, 1024px\" \/><\/figure>\n\n\n\n<p>Por: Staff | #NuevoLaredo #Laredo #NLD #Tamaulipas<\/p>\n\n\n\n<p>Ante el registro de bajas temperaturas en la ciudad, la Direcci\u00f3n de Protecci\u00f3n Civil y Bomberos despleg\u00f3 durante el fin de semana el Operativo Carrusel, con recorridos preventivos en diversos sectores de Nuevo Laredo para brindar apoyo a personas en condici\u00f3n de vulnerabilidad.<\/p>\n\n\n\n<p>El titular de la corporaci\u00f3n, Humberto Fern\u00e1ndez Diez de Pinos, inform\u00f3 que como resultado de estas acciones seis personas aceptaron ser trasladadas al albergue municipal para resguardarse del fr\u00edo. En tanto, otras 14 fueron atendidas en el sitio donde se encontraban, ya que optaron por no ingresar al refugio; a ellas se les entreg\u00f3 abrigo, cobijas, alimentos y bebidas calientes, con el fin de reducir riesgos a su salud, especialmente la hipotermia.<\/p>\n\n\n\n<p>El funcionario explic\u00f3 que el operativo est\u00e1 dirigido principalmente a personas que, por su situaci\u00f3n social, laboral u otras circunstancias, permanecen expuestas a la intemperie durante la temporada invernal, por lo que la atenci\u00f3n se brinda de manera directa y preventiva.<\/p>\n\n\n\n<p>Fern\u00e1ndez Diez de Pinos subray\u00f3 que la vigilancia continuar\u00e1 de forma permanente mientras persista el pron\u00f3stico de fr\u00edo en la regi\u00f3n, reiterando el compromiso de la dependencia de actuar con oportunidad para proteger la vida y el bienestar de la poblaci\u00f3n.<\/p>\n\n\n\n<p>Finalmente, Protecci\u00f3n Civil exhort\u00f3 a la ciudadan\u00eda a colaborar reportando al n\u00famero de emergencias cualquier caso de personas expuestas al fr\u00edo extremo, a fin de canalizar de inmediato la atenci\u00f3n necesaria.<\/p>\n","protected":false},"excerpt":{"rendered":"<p>Por: Staff | #NuevoLaredo #Laredo #NLD #Tamaulipas Ante el registro de bajas temperaturas en la ciudad, la Direcci\u00f3n de Protecci\u00f3n Civil y Bomberos despleg\u00f3 durante el fin de semana el Operativo Carrusel, con recorridos preventivos en diversos sectores de Nuevo Laredo para brindar apoyo a personas en condici\u00f3n de vulnerabilidad. El titular de la corporaci\u00f3n, &hellip;<\/p>\n","protected":false},"author":1,"featured_media":19930,"comment_status":"open","ping_status":"open","sticky":false,"template":"","format":"standard","meta":{"footnotes":""},"categories":[38],"tags":[],"class_list":["post-19929","post","type-post","status-publish","format-standard","has-post-thumbnail","","category-nuevo-laredo"],"_links":{"self":[{"href":"https:\/\/www.radiointeractivo.com.mx\/index.php?rest_route=\/wp\/v2\/posts\/19929","targetHints":{"allow":["GET"]}}],"collection":[{"href":"https:\/\/www.radiointeractivo.com.mx\/index.php?rest_route=\/wp\/v2\/posts"}],"about":[{"href":"https:\/\/www.radiointeractivo.com.mx\/index.php?rest_route=\/wp\/v2\/types\/post"}],"author":[{"embeddable":true,"href":"https:\/\/www.radiointeractivo.com.mx\/index.php?rest_route=\/wp\/v2\/users\/1"}],"replies":[{"embeddable":true,"href":"https:\/\/www.radiointeractivo.com.mx\/index.php?rest_route=%2Fwp%2Fv2%2Fcomments&post=19929"}],"version-history":[{"count":1,"href":"https:\/\/www.radiointeractivo.com.mx\/index.php?rest_route=\/wp\/v2\/posts\/19929\/revisions"}],"predecessor-version":[{"id":19931,"href":"https:\/\/www.radiointeractivo.com.mx\/index.php?rest_route=\/wp\/v2\/posts\/19929\/revisions\/19931"}],"wp:featuredmedia":[{"embeddable":true,"href":"https:\/\/www.radiointeractivo.com.mx\/index.php?rest_route=\/wp\/v2\/media\/19930"}],"wp:attachment":[{"href":"https:\/\/www.radiointeractivo.com.mx\/index.php?rest_route=%2Fwp%2Fv2%2Fmedia&parent=19929"}],"wp:term":[{"taxonomy":"category","embeddable":true,"href":"https:\/\/www.radiointeractivo.com.mx\/index.php?rest_route=%2Fwp%2Fv2%2Fcategories&post=19929"},{"taxonomy":"post_tag","embeddable":true,"href":"https:\/\/www.radiointeractivo.com.mx\/index.php?rest_route=%2Fwp%2Fv2%2Ftags&post=19929"}],"curies":[{"name":"wp","href":"https:\/\/api.w.org\/{rel}","templated":true}]}}