{"id":19892,"date":"2026-01-16T16:22:04","date_gmt":"2026-01-16T22:22:04","guid":{"rendered":"https:\/\/www.radiointeractivo.com.mx\/?p=19892"},"modified":"2026-01-16T16:22:06","modified_gmt":"2026-01-16T22:22:06","slug":"dif-nuevo-laredo-exhorta-a-parejas-a-registrarse-en-los-ultimos-dias-de-matrimonios-colectivos","status":"publish","type":"post","link":"https:\/\/www.radiointeractivo.com.mx\/?p=19892","title":{"rendered":"DIF Nuevo Laredo exhorta a parejas a registrarse en los \u00faltimos d\u00edas de Matrimonios Colectivos"},"content":{"rendered":"\n<figure class=\"wp-block-image size-large\"><img loading=\"lazy\" decoding=\"async\" width=\"1024\" height=\"682\" src=\"https:\/\/www.radiointeractivo.com.mx\/wp-content\/uploads\/2026\/01\/WhatsApp-Image-2026-01-16-at-2.07.58-PM-1024x682.jpeg\" alt=\"\" class=\"wp-image-19893\" srcset=\"https:\/\/www.radiointeractivo.com.mx\/wp-content\/uploads\/2026\/01\/WhatsApp-Image-2026-01-16-at-2.07.58-PM-1024x682.jpeg 1024w, https:\/\/www.radiointeractivo.com.mx\/wp-content\/uploads\/2026\/01\/WhatsApp-Image-2026-01-16-at-2.07.58-PM-300x200.jpeg 300w, https:\/\/www.radiointeractivo.com.mx\/wp-content\/uploads\/2026\/01\/WhatsApp-Image-2026-01-16-at-2.07.58-PM-768x512.jpeg 768w, https:\/\/www.radiointeractivo.com.mx\/wp-content\/uploads\/2026\/01\/WhatsApp-Image-2026-01-16-at-2.07.58-PM-310x205.jpeg 310w, https:\/\/www.radiointeractivo.com.mx\/wp-content\/uploads\/2026\/01\/WhatsApp-Image-2026-01-16-at-2.07.58-PM.jpeg 1280w\" sizes=\"auto, (max-width: 1024px) 100vw, 1024px\" \/><\/figure>\n\n\n\n<p>Por: Staff | #NuevoLaredo #Laredo #NLD #Tamaulipas<\/p>\n\n\n\n<p>El Sistema DIF Nuevo Laredo inform\u00f3 que se encuentra en la recta final el periodo de inscripci\u00f3n para la Campa\u00f1a Permanente de Matrimonios Colectivos, un programa de car\u00e1cter social que tiene como prop\u00f3sito otorgar certeza jur\u00eddica a las parejas y contribuir al fortalecimiento del n\u00facleo familiar en la ciudad.<\/p>\n\n\n\n<p>La iniciativa est\u00e1 dirigida a personas mayores de edad, de nacionalidad mexicana y que se encuentren en condici\u00f3n de vulnerabilidad, a fin de facilitar el acceso al matrimonio civil como un derecho y como un paso clave en la consolidaci\u00f3n legal y social de las familias.<\/p>\n\n\n\n<p>Ante la cercan\u00eda del cierre del registro, autoridades del organismo hicieron un llamado a las parejas interesadas a acudir a la brevedad, ya que el plazo para realizar el tr\u00e1mite concluye el pr\u00f3ximo 23 de enero. Subrayaron la importancia de no esperar al \u00faltimo momento para reunir la documentaci\u00f3n y completar el proceso de manera adecuada.<\/p>\n\n\n\n<p>Para recibir orientaci\u00f3n o realizar el registro, las y los interesados pueden acudir a las oficinas del Sistema DIF Nuevo Laredo, ubicadas en H\u00e9roe de Nacataz n\u00famero 2244, dentro del horario de atenci\u00f3n habitual. Con esta campa\u00f1a, el DIF refrenda su compromiso de promover la certeza legal y el bienestar de las familias neolaredenses.<\/p>\n","protected":false},"excerpt":{"rendered":"<p>Por: Staff | #NuevoLaredo #Laredo #NLD #Tamaulipas El Sistema DIF Nuevo Laredo inform\u00f3 que se encuentra en la recta final el periodo de inscripci\u00f3n para la Campa\u00f1a Permanente de Matrimonios Colectivos, un programa de car\u00e1cter social que tiene como prop\u00f3sito otorgar certeza jur\u00eddica a las parejas y contribuir al fortalecimiento del n\u00facleo familiar en la &hellip;<\/p>\n","protected":false},"author":1,"featured_media":19893,"comment_status":"open","ping_status":"open","sticky":false,"template":"","format":"standard","meta":{"footnotes":""},"categories":[38],"tags":[],"class_list":["post-19892","post","type-post","status-publish","format-standard","has-post-thumbnail","","category-nuevo-laredo"],"_links":{"self":[{"href":"https:\/\/www.radiointeractivo.com.mx\/index.php?rest_route=\/wp\/v2\/posts\/19892","targetHints":{"allow":["GET"]}}],"collection":[{"href":"https:\/\/www.radiointeractivo.com.mx\/index.php?rest_route=\/wp\/v2\/posts"}],"about":[{"href":"https:\/\/www.radiointeractivo.com.mx\/index.php?rest_route=\/wp\/v2\/types\/post"}],"author":[{"embeddable":true,"href":"https:\/\/www.radiointeractivo.com.mx\/index.php?rest_route=\/wp\/v2\/users\/1"}],"replies":[{"embeddable":true,"href":"https:\/\/www.radiointeractivo.com.mx\/index.php?rest_route=%2Fwp%2Fv2%2Fcomments&post=19892"}],"version-history":[{"count":1,"href":"https:\/\/www.radiointeractivo.com.mx\/index.php?rest_route=\/wp\/v2\/posts\/19892\/revisions"}],"predecessor-version":[{"id":19894,"href":"https:\/\/www.radiointeractivo.com.mx\/index.php?rest_route=\/wp\/v2\/posts\/19892\/revisions\/19894"}],"wp:featuredmedia":[{"embeddable":true,"href":"https:\/\/www.radiointeractivo.com.mx\/index.php?rest_route=\/wp\/v2\/media\/19893"}],"wp:attachment":[{"href":"https:\/\/www.radiointeractivo.com.mx\/index.php?rest_route=%2Fwp%2Fv2%2Fmedia&parent=19892"}],"wp:term":[{"taxonomy":"category","embeddable":true,"href":"https:\/\/www.radiointeractivo.com.mx\/index.php?rest_route=%2Fwp%2Fv2%2Fcategories&post=19892"},{"taxonomy":"post_tag","embeddable":true,"href":"https:\/\/www.radiointeractivo.com.mx\/index.php?rest_route=%2Fwp%2Fv2%2Ftags&post=19892"}],"curies":[{"name":"wp","href":"https:\/\/api.w.org\/{rel}","templated":true}]}}