{"id":19889,"date":"2026-01-16T16:11:43","date_gmt":"2026-01-16T22:11:43","guid":{"rendered":"https:\/\/www.radiointeractivo.com.mx\/?p=19889"},"modified":"2026-01-16T16:11:46","modified_gmt":"2026-01-16T22:11:46","slug":"arrancan-con-cupo-completo-los-cursos-de-computacion-en-la-infoteca-sor-juana-ines-de-la-cruz","status":"publish","type":"post","link":"https:\/\/www.radiointeractivo.com.mx\/?p=19889","title":{"rendered":"Arrancan con cupo completo los cursos de computaci\u00f3n en la Infoteca \u201cSor Juana In\u00e9s de la Cruz\u201d"},"content":{"rendered":"\n<figure class=\"wp-block-image size-large\"><img loading=\"lazy\" decoding=\"async\" width=\"1024\" height=\"770\" src=\"https:\/\/www.radiointeractivo.com.mx\/wp-content\/uploads\/2026\/01\/WhatsApp-Image-2026-01-16-at-11.48.48-AM-1024x770.jpeg\" alt=\"\" class=\"wp-image-19890\" srcset=\"https:\/\/www.radiointeractivo.com.mx\/wp-content\/uploads\/2026\/01\/WhatsApp-Image-2026-01-16-at-11.48.48-AM-1024x770.jpeg 1024w, https:\/\/www.radiointeractivo.com.mx\/wp-content\/uploads\/2026\/01\/WhatsApp-Image-2026-01-16-at-11.48.48-AM-300x226.jpeg 300w, https:\/\/www.radiointeractivo.com.mx\/wp-content\/uploads\/2026\/01\/WhatsApp-Image-2026-01-16-at-11.48.48-AM-768x578.jpeg 768w, https:\/\/www.radiointeractivo.com.mx\/wp-content\/uploads\/2026\/01\/WhatsApp-Image-2026-01-16-at-11.48.48-AM.jpeg 1280w\" sizes=\"auto, (max-width: 1024px) 100vw, 1024px\" \/><\/figure>\n\n\n\n<p>Por: Staff | #NuevoLaredo #Laredo #NLD #Tamaulipas<\/p>\n\n\n\n<p>Con una respuesta que super\u00f3 expectativas, la Infoteca \u201cSor Juana In\u00e9s de la Cruz\u201d inici\u00f3 los cursos de computaci\u00f3n para nivel b\u00e1sico y avanzado, los cuales comenzaron con el total de espacios ocupados. Las actividades se desarrollan en el recinto ubicado en Villagr\u00e1n n\u00famero 80, en la colonia La Fe, al poniente de Nuevo Laredo.<\/p>\n\n\n\n<p>En esta primera etapa del a\u00f1o se registraron 60 participantes: 30 inscritos en el curso para principiantes y otros 30 en el nivel avanzado. Las edades de los asistentes oscilan entre los 16 y los 60 a\u00f1os, reflejo del inter\u00e9s creciente por fortalecer habilidades digitales entre distintos sectores de la poblaci\u00f3n.<\/p>\n\n\n\n<p>Marcos Rodr\u00edguez Leija, coordinador de Bibliotecas P\u00fablicas de Nuevo Laredo, destac\u00f3 que en esta edici\u00f3n se ampli\u00f3 la convocatoria a mujeres y hombres, atendiendo una solicitud expresa de la comunidad. Subray\u00f3 que los resultados de generaciones anteriores han sido positivos y tangibles.<\/p>\n\n\n\n<p>\u201cTenemos testimonios claros de los beneficios de este programa municipal. Algunas personas han logrado apoyar mejor a sus hijos en tareas escolares, mientras que otras han mejorado su perfil para aspirar a oportunidades laborales m\u00e1s competitivas, dependiendo de su edad y actividad diaria\u201d, explic\u00f3.<\/p>\n\n\n\n<p>Los alumnos inscritos, cuyo curso dio inicio el pasado 12 de enero de 2026, provienen de diversos puntos de la ciudad. Entre las colonias representadas se encuentran Lomas del R\u00edo, Ju\u00e1rez, Colinas del Sur, Am\u00e9rico Villarreal, Viveros, Madero, Villas de la Fe, Militar, 20 de Noviembre, Hip\u00f3dromo, Bertha del Avellano, Concordia, Jes\u00fas Vega S\u00e1nchez y Nueva Era, entre otras.<\/p>\n\n\n\n<p>El programa para principiantes contempla el aprendizaje b\u00e1sico del uso de internet, creaci\u00f3n y manejo de correos electr\u00f3nicos, as\u00ed como el uso de herramientas de oficina como Word, Excel y PowerPoint, adem\u00e1s del dise\u00f1o de curr\u00edculums y presentaciones de trabajo.<\/p>\n\n\n\n<p>Por su parte, el curso avanzado aborda temas de mayor especializaci\u00f3n, como programas de dise\u00f1o, protecci\u00f3n y respaldo de informaci\u00f3n, uso de plataformas como Canvas, as\u00ed como almacenamiento seguro de archivos en dispositivos USB y servicios en la nube como Google Drive.<\/p>\n\n\n\n<p>Las clases del nivel b\u00e1sico se imparten los lunes, mi\u00e9rcoles y viernes, de 9:00 a 11:00 de la ma\u00f1ana, mientras que el curso avanzado se desarrolla los martes, jueves y s\u00e1bados en el mismo horario. Ambos tendr\u00e1n una duraci\u00f3n de tres meses y, al concluir satisfactoriamente, las y los participantes recibir\u00e1n un certificado oficial.<\/p>\n","protected":false},"excerpt":{"rendered":"<p>Por: Staff | #NuevoLaredo #Laredo #NLD #Tamaulipas Con una respuesta que super\u00f3 expectativas, la Infoteca \u201cSor Juana In\u00e9s de la Cruz\u201d inici\u00f3 los cursos de computaci\u00f3n para nivel b\u00e1sico y avanzado, los cuales comenzaron con el total de espacios ocupados. Las actividades se desarrollan en el recinto ubicado en Villagr\u00e1n n\u00famero 80, en la colonia &hellip;<\/p>\n","protected":false},"author":1,"featured_media":19890,"comment_status":"open","ping_status":"open","sticky":false,"template":"","format":"standard","meta":{"footnotes":""},"categories":[38],"tags":[],"class_list":["post-19889","post","type-post","status-publish","format-standard","has-post-thumbnail","","category-nuevo-laredo"],"_links":{"self":[{"href":"https:\/\/www.radiointeractivo.com.mx\/index.php?rest_route=\/wp\/v2\/posts\/19889","targetHints":{"allow":["GET"]}}],"collection":[{"href":"https:\/\/www.radiointeractivo.com.mx\/index.php?rest_route=\/wp\/v2\/posts"}],"about":[{"href":"https:\/\/www.radiointeractivo.com.mx\/index.php?rest_route=\/wp\/v2\/types\/post"}],"author":[{"embeddable":true,"href":"https:\/\/www.radiointeractivo.com.mx\/index.php?rest_route=\/wp\/v2\/users\/1"}],"replies":[{"embeddable":true,"href":"https:\/\/www.radiointeractivo.com.mx\/index.php?rest_route=%2Fwp%2Fv2%2Fcomments&post=19889"}],"version-history":[{"count":1,"href":"https:\/\/www.radiointeractivo.com.mx\/index.php?rest_route=\/wp\/v2\/posts\/19889\/revisions"}],"predecessor-version":[{"id":19891,"href":"https:\/\/www.radiointeractivo.com.mx\/index.php?rest_route=\/wp\/v2\/posts\/19889\/revisions\/19891"}],"wp:featuredmedia":[{"embeddable":true,"href":"https:\/\/www.radiointeractivo.com.mx\/index.php?rest_route=\/wp\/v2\/media\/19890"}],"wp:attachment":[{"href":"https:\/\/www.radiointeractivo.com.mx\/index.php?rest_route=%2Fwp%2Fv2%2Fmedia&parent=19889"}],"wp:term":[{"taxonomy":"category","embeddable":true,"href":"https:\/\/www.radiointeractivo.com.mx\/index.php?rest_route=%2Fwp%2Fv2%2Fcategories&post=19889"},{"taxonomy":"post_tag","embeddable":true,"href":"https:\/\/www.radiointeractivo.com.mx\/index.php?rest_route=%2Fwp%2Fv2%2Ftags&post=19889"}],"curies":[{"name":"wp","href":"https:\/\/api.w.org\/{rel}","templated":true}]}}