{"id":19886,"date":"2026-01-16T16:02:30","date_gmt":"2026-01-16T22:02:30","guid":{"rendered":"https:\/\/www.radiointeractivo.com.mx\/?p=19886"},"modified":"2026-01-16T16:02:32","modified_gmt":"2026-01-16T22:02:32","slug":"abren-en-nuevo-laredo-registro-para-el-servicio-militar-nacional-clase-2008-y-remisos","status":"publish","type":"post","link":"https:\/\/www.radiointeractivo.com.mx\/?p=19886","title":{"rendered":"Abren en Nuevo Laredo registro para el Servicio Militar Nacional Clase 2008 y remisos"},"content":{"rendered":"\n<figure class=\"wp-block-image size-large\"><img loading=\"lazy\" decoding=\"async\" width=\"1024\" height=\"682\" src=\"https:\/\/www.radiointeractivo.com.mx\/wp-content\/uploads\/2026\/01\/WhatsApp-Image-2026-01-16-at-11.47.54-AM-1024x682.jpeg\" alt=\"\" class=\"wp-image-19887\" srcset=\"https:\/\/www.radiointeractivo.com.mx\/wp-content\/uploads\/2026\/01\/WhatsApp-Image-2026-01-16-at-11.47.54-AM-1024x682.jpeg 1024w, https:\/\/www.radiointeractivo.com.mx\/wp-content\/uploads\/2026\/01\/WhatsApp-Image-2026-01-16-at-11.47.54-AM-300x200.jpeg 300w, https:\/\/www.radiointeractivo.com.mx\/wp-content\/uploads\/2026\/01\/WhatsApp-Image-2026-01-16-at-11.47.54-AM-768x512.jpeg 768w, https:\/\/www.radiointeractivo.com.mx\/wp-content\/uploads\/2026\/01\/WhatsApp-Image-2026-01-16-at-11.47.54-AM-1536x1023.jpeg 1536w, https:\/\/www.radiointeractivo.com.mx\/wp-content\/uploads\/2026\/01\/WhatsApp-Image-2026-01-16-at-11.47.54-AM-310x205.jpeg 310w, https:\/\/www.radiointeractivo.com.mx\/wp-content\/uploads\/2026\/01\/WhatsApp-Image-2026-01-16-at-11.47.54-AM.jpeg 1600w\" sizes=\"auto, (max-width: 1024px) 100vw, 1024px\" \/><\/figure>\n\n\n\n<p>Por: Staff | #NuevoLaredo #Laredo #NLD #Tamaulipas<\/p>\n\n\n\n<p>El Gobierno Municipal de Nuevo Laredo, en coordinaci\u00f3n con la Secretar\u00eda de la Defensa Nacional (SEDENA), anunci\u00f3 el arranque oficial del proceso de reclutamiento para el Servicio Militar Nacional (SMN), dirigido a j\u00f3venes de la Clase 2008, as\u00ed como a quienes se encuentren en condici\u00f3n de remisos.<\/p>\n\n\n\n<p>Las autoridades informaron que el periodo de registro permanecer\u00e1 abierto del 15 de enero al 15 de octubre de 2026. El tr\u00e1mite se realizar\u00e1 de lunes a viernes, en un horario de 8:00 de la ma\u00f1ana a 3:00 de la tarde, en las oficinas de la Junta Municipal de Reclutamiento, ubicadas en el Centro C\u00edvico, planta alta, en el cruce de las calles H\u00e9roe de Nacataz y Reynosa.<\/p>\n\n\n\n<p>El Gobierno Municipal exhort\u00f3 a los j\u00f3venes neolaredenses a cumplir con este requisito, el cual no solo representa un deber c\u00edvico y un compromiso con el pa\u00eds, sino que tambi\u00e9n es indispensable para diversos tr\u00e1mites escolares, laborales y profesionales.<\/p>\n\n\n\n<p>Para completar el registro, los interesados deber\u00e1n presentar en original y copia los siguientes documentos: acta de nacimiento con una antig\u00fcedad no mayor a tres a\u00f1os, comprobante de domicilio, comprobante de estudios y CURP. En el caso de remisos for\u00e1neos, ser\u00e1 necesario agregar una constancia de no registro expedida en su lugar de origen.<\/p>\n\n\n\n<p>Asimismo, se solicitan tres fotograf\u00edas tama\u00f1o credencial (35 x 45 mil\u00edmetros), fondo blanco y papel opaco, que cumplan con las especificaciones oficiales: cabello corto, sin barba, bigote ni patillas; sin lentes; orejas descubiertas; camisa blanca abotonada hasta el \u00faltimo bot\u00f3n y frente despejada. Las im\u00e1genes deber\u00e1n ser tomadas en estudio fotogr\u00e1fico, no instant\u00e1neas.<\/p>\n\n\n\n<p>Para mayor informaci\u00f3n, las y los interesados pueden comunicarse a los tel\u00e9fonos (867) 712 33 37 y (867) 712 59 98.<\/p>\n\n\n\n<p>El Gobierno de Nuevo Laredo reiter\u00f3 su disposici\u00f3n de seguir trabajando de manera coordinada con las instituciones federales, a fin de fortalecer los valores c\u00edvicos y facilitar a la juventud el cumplimiento de sus obligaciones legales.<\/p>\n","protected":false},"excerpt":{"rendered":"<p>Por: Staff | #NuevoLaredo #Laredo #NLD #Tamaulipas El Gobierno Municipal de Nuevo Laredo, en coordinaci\u00f3n con la Secretar\u00eda de la Defensa Nacional (SEDENA), anunci\u00f3 el arranque oficial del proceso de reclutamiento para el Servicio Militar Nacional (SMN), dirigido a j\u00f3venes de la Clase 2008, as\u00ed como a quienes se encuentren en condici\u00f3n de remisos. Las &hellip;<\/p>\n","protected":false},"author":1,"featured_media":19887,"comment_status":"open","ping_status":"open","sticky":false,"template":"","format":"standard","meta":{"footnotes":""},"categories":[38],"tags":[],"class_list":["post-19886","post","type-post","status-publish","format-standard","has-post-thumbnail","","category-nuevo-laredo"],"_links":{"self":[{"href":"https:\/\/www.radiointeractivo.com.mx\/index.php?rest_route=\/wp\/v2\/posts\/19886","targetHints":{"allow":["GET"]}}],"collection":[{"href":"https:\/\/www.radiointeractivo.com.mx\/index.php?rest_route=\/wp\/v2\/posts"}],"about":[{"href":"https:\/\/www.radiointeractivo.com.mx\/index.php?rest_route=\/wp\/v2\/types\/post"}],"author":[{"embeddable":true,"href":"https:\/\/www.radiointeractivo.com.mx\/index.php?rest_route=\/wp\/v2\/users\/1"}],"replies":[{"embeddable":true,"href":"https:\/\/www.radiointeractivo.com.mx\/index.php?rest_route=%2Fwp%2Fv2%2Fcomments&post=19886"}],"version-history":[{"count":1,"href":"https:\/\/www.radiointeractivo.com.mx\/index.php?rest_route=\/wp\/v2\/posts\/19886\/revisions"}],"predecessor-version":[{"id":19888,"href":"https:\/\/www.radiointeractivo.com.mx\/index.php?rest_route=\/wp\/v2\/posts\/19886\/revisions\/19888"}],"wp:featuredmedia":[{"embeddable":true,"href":"https:\/\/www.radiointeractivo.com.mx\/index.php?rest_route=\/wp\/v2\/media\/19887"}],"wp:attachment":[{"href":"https:\/\/www.radiointeractivo.com.mx\/index.php?rest_route=%2Fwp%2Fv2%2Fmedia&parent=19886"}],"wp:term":[{"taxonomy":"category","embeddable":true,"href":"https:\/\/www.radiointeractivo.com.mx\/index.php?rest_route=%2Fwp%2Fv2%2Fcategories&post=19886"},{"taxonomy":"post_tag","embeddable":true,"href":"https:\/\/www.radiointeractivo.com.mx\/index.php?rest_route=%2Fwp%2Fv2%2Ftags&post=19886"}],"curies":[{"name":"wp","href":"https:\/\/api.w.org\/{rel}","templated":true}]}}