{"id":19883,"date":"2026-01-16T15:50:56","date_gmt":"2026-01-16T21:50:56","guid":{"rendered":"https:\/\/www.radiointeractivo.com.mx\/?p=19883"},"modified":"2026-01-16T15:51:00","modified_gmt":"2026-01-16T21:51:00","slug":"nuevo-laredo-renueva-su-transporte-publico-y-se-coloca-como-referente-estatal-en-movilidad","status":"publish","type":"post","link":"https:\/\/www.radiointeractivo.com.mx\/?p=19883","title":{"rendered":"Nuevo Laredo renueva su transporte p\u00fablico y se coloca como referente estatal en movilidad"},"content":{"rendered":"\n<figure class=\"wp-block-image size-large\"><img loading=\"lazy\" decoding=\"async\" width=\"1024\" height=\"686\" src=\"https:\/\/www.radiointeractivo.com.mx\/wp-content\/uploads\/2026\/01\/WhatsApp-Image-2026-01-16-at-10.01.09-AM-1024x686.jpeg\" alt=\"\" class=\"wp-image-19884\" srcset=\"https:\/\/www.radiointeractivo.com.mx\/wp-content\/uploads\/2026\/01\/WhatsApp-Image-2026-01-16-at-10.01.09-AM-1024x686.jpeg 1024w, https:\/\/www.radiointeractivo.com.mx\/wp-content\/uploads\/2026\/01\/WhatsApp-Image-2026-01-16-at-10.01.09-AM-300x201.jpeg 300w, https:\/\/www.radiointeractivo.com.mx\/wp-content\/uploads\/2026\/01\/WhatsApp-Image-2026-01-16-at-10.01.09-AM-768x514.jpeg 768w, https:\/\/www.radiointeractivo.com.mx\/wp-content\/uploads\/2026\/01\/WhatsApp-Image-2026-01-16-at-10.01.09-AM-110x75.jpeg 110w, https:\/\/www.radiointeractivo.com.mx\/wp-content\/uploads\/2026\/01\/WhatsApp-Image-2026-01-16-at-10.01.09-AM.jpeg 1440w\" sizes=\"auto, (max-width: 1024px) 100vw, 1024px\" \/><\/figure>\n\n\n\n<p>Por: Staff | #NuevoLaredo #Laredo #NLD #Tamaulipas<\/p>\n\n\n\n<p>Con una apuesta clara por la movilidad digna y eficiente, el Gobierno Municipal de Nuevo Laredo dio un paso decisivo en la modernizaci\u00f3n del transporte p\u00fablico urbano. La presidenta municipal, Carmen Lilia Canturosas Villarreal, encabez\u00f3 el arranque oficial de 12 nuevas unidades de \u00faltima generaci\u00f3n, equipadas con aire acondicionado, que comenzar\u00e1n a operar en distintas rutas de la ciudad.<\/p>\n\n\n\n<p>El acto se llev\u00f3 a cabo en la Explanada de la Independencia, donde la alcaldesa destac\u00f3 que esta incorporaci\u00f3n no se limita a la renovaci\u00f3n del parque vehicular, sino que forma parte de una estrategia integral para transformar un servicio que por a\u00f1os fue una de las principales demandas ciudadanas.<\/p>\n\n\n\n<p>Durante su mensaje, Canturosas Villarreal record\u00f3 que en julio de 2025 se asumi\u00f3 el compromiso de dignificar el transporte p\u00fablico, un reto que calific\u00f3 como una deuda hist\u00f3rica con la poblaci\u00f3n. \u201cHoy no solo presentamos camiones nuevos; estamos consolidando una visi\u00f3n de ciudad con movilidad moderna, eficiente y, sobre todo, respetuosa de la gente\u201d, afirm\u00f3.<\/p>\n\n\n\n<p>La presidenta municipal reconoci\u00f3 tambi\u00e9n el respaldo del gobernador Am\u00e9rico Villarreal Anaya, cuya colaboraci\u00f3n fue clave para materializar este proyecto que impacta de manera directa en la vida cotidiana de cientos de familias.<\/p>\n\n\n\n<p>Las unidades incorporadas pertenecen a Grupo SIEN y est\u00e1n conformadas por 10 autobuses marca International, modelo 2026, con capacidad para 45 pasajeros, as\u00ed como dos unidades tipo crafter Volkswagen para 25 usuarios. Todas cuentan con sistemas de aire acondicionado y calefacci\u00f3n, lo que representa un avance significativo en comodidad y seguridad.<\/p>\n\n\n\n<p>Canturosas Villarreal subray\u00f3 que la transformaci\u00f3n del transporte p\u00fablico ha sido posible gracias a la coordinaci\u00f3n entre el gobierno municipal, el sector privado y las autoridades estatales. \u201cCuando hay voluntad pol\u00edtica y trabajo conjunto, los resultados se reflejan en el d\u00eda a d\u00eda de la ciudadan\u00eda\u201d, expres\u00f3.<\/p>\n\n\n\n<p>Como parte del convenio de modernizaci\u00f3n, en los primeros cinco meses el Gobierno Municipal ha respaldado a los concesionarios con m\u00e1s de 484 mil litros de di\u00e9sel, lo que representa una inversi\u00f3n superior a los 12.9 millones de pesos. Este apoyo permiti\u00f3 enfrentar los altos costos de operaci\u00f3n y liberar recursos para la adquisici\u00f3n de unidades modernas.<\/p>\n\n\n\n<p>Desde la firma del acuerdo, suman ya 32 camiones nuevos en circulaci\u00f3n, adem\u00e1s de la creaci\u00f3n de cinco rutas adicionales y la reorganizaci\u00f3n de otras ocho, lo que se tradujo en un aumento del 29 por ciento en el n\u00famero de unidades en operaci\u00f3n y un crecimiento del 52 por ciento en el n\u00famero de pasajeros.<\/p>\n\n\n\n<p>El impacto positivo de estas acciones fue reconocido por el sector empresarial. El presidente de CANACO, Sim\u00f3n Duarte Babiak, destac\u00f3 que un transporte p\u00fablico eficiente mejora la calidad de vida, reduce costos de movilidad y fortalece la econom\u00eda urbana, al tiempo que reconoci\u00f3 la sinergia lograda entre el gobierno municipal y la iniciativa privada.<\/p>\n\n\n\n<p>Las nuevas unidades ser\u00e1n asignadas a rutas estrat\u00e9gicas del sector sur, Valles de An\u00e1huac y Villas de San Miguel, mientras que las unidades tipo crafter operar\u00e1n en la ruta Viveros\u2013Victoria y en un nuevo recorrido que conectar\u00e1 puntos clave como C\u00e9sar L\u00f3pez de Lara, el Laguito, Plaza de la Mujer, Paseo Col\u00f3n, Parque Viveros y el Centro Hist\u00f3rico.<\/p>\n\n\n\n<p>Por su parte, Jorge Ignacio Cerna Esparza, representante de Grupo SIEN, destac\u00f3 que el convenio firmado en agosto pasado marc\u00f3 un precedente a nivel nacional al establecer un esquema de subsidio que permiti\u00f3 fortalecer al gremio transportista y concretar la renovaci\u00f3n de unidades.<\/p>\n\n\n\n<p>Tras el banderazo de salida, la alcaldesa realiz\u00f3 el primer recorrido a bordo de uno de los nuevos camiones, acompa\u00f1ada por usuarias y usuarios, quienes constataron la mejora en el servicio.<\/p>\n\n\n\n<p>Desde el inicio de su administraci\u00f3n, Carmen Lilia Canturosas asumi\u00f3 el desaf\u00edo de transformar la movilidad urbana como una prioridad social. Hoy, con acciones concretas, el Gobierno Municipal consolida a Nuevo Laredo como un referente estatal en transporte p\u00fablico moderno, accesible y orientado al bienestar de su gente.<\/p>\n","protected":false},"excerpt":{"rendered":"<p>Por: Staff | #NuevoLaredo #Laredo #NLD #Tamaulipas Con una apuesta clara por la movilidad digna y eficiente, el Gobierno Municipal de Nuevo Laredo dio un paso decisivo en la modernizaci\u00f3n del transporte p\u00fablico urbano. La presidenta municipal, Carmen Lilia Canturosas Villarreal, encabez\u00f3 el arranque oficial de 12 nuevas unidades de \u00faltima generaci\u00f3n, equipadas con aire &hellip;<\/p>\n","protected":false},"author":1,"featured_media":19884,"comment_status":"open","ping_status":"open","sticky":false,"template":"","format":"standard","meta":{"footnotes":""},"categories":[38],"tags":[],"class_list":["post-19883","post","type-post","status-publish","format-standard","has-post-thumbnail","","category-nuevo-laredo"],"_links":{"self":[{"href":"https:\/\/www.radiointeractivo.com.mx\/index.php?rest_route=\/wp\/v2\/posts\/19883","targetHints":{"allow":["GET"]}}],"collection":[{"href":"https:\/\/www.radiointeractivo.com.mx\/index.php?rest_route=\/wp\/v2\/posts"}],"about":[{"href":"https:\/\/www.radiointeractivo.com.mx\/index.php?rest_route=\/wp\/v2\/types\/post"}],"author":[{"embeddable":true,"href":"https:\/\/www.radiointeractivo.com.mx\/index.php?rest_route=\/wp\/v2\/users\/1"}],"replies":[{"embeddable":true,"href":"https:\/\/www.radiointeractivo.com.mx\/index.php?rest_route=%2Fwp%2Fv2%2Fcomments&post=19883"}],"version-history":[{"count":1,"href":"https:\/\/www.radiointeractivo.com.mx\/index.php?rest_route=\/wp\/v2\/posts\/19883\/revisions"}],"predecessor-version":[{"id":19885,"href":"https:\/\/www.radiointeractivo.com.mx\/index.php?rest_route=\/wp\/v2\/posts\/19883\/revisions\/19885"}],"wp:featuredmedia":[{"embeddable":true,"href":"https:\/\/www.radiointeractivo.com.mx\/index.php?rest_route=\/wp\/v2\/media\/19884"}],"wp:attachment":[{"href":"https:\/\/www.radiointeractivo.com.mx\/index.php?rest_route=%2Fwp%2Fv2%2Fmedia&parent=19883"}],"wp:term":[{"taxonomy":"category","embeddable":true,"href":"https:\/\/www.radiointeractivo.com.mx\/index.php?rest_route=%2Fwp%2Fv2%2Fcategories&post=19883"},{"taxonomy":"post_tag","embeddable":true,"href":"https:\/\/www.radiointeractivo.com.mx\/index.php?rest_route=%2Fwp%2Fv2%2Ftags&post=19883"}],"curies":[{"name":"wp","href":"https:\/\/api.w.org\/{rel}","templated":true}]}}