{"id":19879,"date":"2026-01-15T18:11:37","date_gmt":"2026-01-16T00:11:37","guid":{"rendered":"https:\/\/www.radiointeractivo.com.mx\/?p=19879"},"modified":"2026-01-15T18:11:40","modified_gmt":"2026-01-16T00:11:40","slug":"gobierno-municipal-reabre-al-transito-el-puente-de-la-prolongacion-monterrey-tras-obras-de-reforzamiento","status":"publish","type":"post","link":"https:\/\/www.radiointeractivo.com.mx\/?p=19879","title":{"rendered":"Gobierno municipal reabre al tr\u00e1nsito el puente de la prolongaci\u00f3n Monterrey tras obras de reforzamiento"},"content":{"rendered":"\n<figure class=\"wp-block-image size-large\"><img loading=\"lazy\" decoding=\"async\" width=\"1024\" height=\"684\" src=\"https:\/\/www.radiointeractivo.com.mx\/wp-content\/uploads\/2026\/01\/WhatsApp-Image-2026-01-15-at-3.01.16-PM-1-1024x684.jpeg\" alt=\"\" class=\"wp-image-19880\" srcset=\"https:\/\/www.radiointeractivo.com.mx\/wp-content\/uploads\/2026\/01\/WhatsApp-Image-2026-01-15-at-3.01.16-PM-1-1024x684.jpeg 1024w, https:\/\/www.radiointeractivo.com.mx\/wp-content\/uploads\/2026\/01\/WhatsApp-Image-2026-01-15-at-3.01.16-PM-1-300x200.jpeg 300w, https:\/\/www.radiointeractivo.com.mx\/wp-content\/uploads\/2026\/01\/WhatsApp-Image-2026-01-15-at-3.01.16-PM-1-768x513.jpeg 768w, https:\/\/www.radiointeractivo.com.mx\/wp-content\/uploads\/2026\/01\/WhatsApp-Image-2026-01-15-at-3.01.16-PM-1-1536x1026.jpeg 1536w, https:\/\/www.radiointeractivo.com.mx\/wp-content\/uploads\/2026\/01\/WhatsApp-Image-2026-01-15-at-3.01.16-PM-1.jpeg 1600w\" sizes=\"auto, (max-width: 1024px) 100vw, 1024px\" \/><\/figure>\n\n\n\n<p>Por: Staff | #NuevoLaredo #Laredo #NLD #Tamaulipas<\/p>\n\n\n\n<p>Luego de concluir trabajos de mantenimiento mayor y reforzamiento estructural, el Gobierno Municipal reabri\u00f3 a la circulaci\u00f3n el puente vehicular ubicado en la prolongaci\u00f3n de la avenida Monterrey, sobre la carretera al Aeropuerto, infraestructura clave para el tr\u00e1nsito de transporte de carga y veh\u00edculos particulares.<\/p>\n\n\n\n<p>La presidenta municipal, Carmen Lilia Canturosas Villarreal, inform\u00f3 que la intervenci\u00f3n permiti\u00f3 restablecer condiciones seguras y funcionales para miles de automovilistas que utilizan diariamente esta v\u00eda, subrayando que la protecci\u00f3n de la integridad de la ciudadan\u00eda es una prioridad permanente de su administraci\u00f3n.<\/p>\n\n\n\n<p>Explic\u00f3 que, tras detectarse la necesidad de una revisi\u00f3n profunda en la estructura, se decidi\u00f3 actuar de manera preventiva, ejecutando trabajos t\u00e9cnicos especializados que cumplen con los est\u00e1ndares requeridos para garantizar la durabilidad y seguridad del puente.<\/p>\n\n\n\n<p>\u201cSe trata de una obra estrat\u00e9gica para la movilidad y la econom\u00eda de la ciudad. No solo conecta puntos clave, tambi\u00e9n sostiene gran parte de la actividad comercial de Nuevo Laredo, por lo que su mantenimiento oportuno es fundamental\u201d, se\u00f1al\u00f3 la alcaldesa.<\/p>\n\n\n\n<p>Canturosas Villarreal adelant\u00f3 que a partir de este jueves comenzar\u00e1n labores adicionales en las vialidades laterales del puente, las cuales presentan un desgaste considerable derivado del aumento en el flujo vehicular durante el periodo en que se mantuvo cerrada la estructura principal.<\/p>\n\n\n\n<p>En otro frente, la edil dio a conocer que, tras un an\u00e1lisis t\u00e9cnico realizado en el puente vehicular de la carretera An\u00e1huac, se detectaron da\u00f1os en las losas del carril oriente, las cuales, luego de m\u00e1s de dos d\u00e9cadas sin operaci\u00f3n ni mantenimiento, deber\u00e1n ser reconstruidas.<\/p>\n\n\n\n<p>Los trabajos iniciar\u00e1n con la demolici\u00f3n y rehabilitaci\u00f3n de dicho carril y, una vez concluida esa etapa, se intervendr\u00e1 el carril poniente, con el prop\u00f3sito de mantener la circulaci\u00f3n del transporte de carga y reducir afectaciones a la movilidad.<\/p>\n\n\n\n<p>Para concluir, la presidenta municipal agradeci\u00f3 el respaldo del Republicano Ayuntamiento y reiter\u00f3 que su gobierno continuar\u00e1 supervisando y atendiendo la infraestructura urbana, con la finalidad de consolidar a Nuevo Laredo como un punto estrat\u00e9gico en el comercio y la actividad aduanera, en beneficio de toda la poblaci\u00f3n.<\/p>\n","protected":false},"excerpt":{"rendered":"<p>Por: Staff | #NuevoLaredo #Laredo #NLD #Tamaulipas Luego de concluir trabajos de mantenimiento mayor y reforzamiento estructural, el Gobierno Municipal reabri\u00f3 a la circulaci\u00f3n el puente vehicular ubicado en la prolongaci\u00f3n de la avenida Monterrey, sobre la carretera al Aeropuerto, infraestructura clave para el tr\u00e1nsito de transporte de carga y veh\u00edculos particulares. La presidenta municipal, &hellip;<\/p>\n","protected":false},"author":1,"featured_media":19880,"comment_status":"open","ping_status":"open","sticky":false,"template":"","format":"standard","meta":{"footnotes":""},"categories":[38],"tags":[],"class_list":["post-19879","post","type-post","status-publish","format-standard","has-post-thumbnail","","category-nuevo-laredo"],"_links":{"self":[{"href":"https:\/\/www.radiointeractivo.com.mx\/index.php?rest_route=\/wp\/v2\/posts\/19879","targetHints":{"allow":["GET"]}}],"collection":[{"href":"https:\/\/www.radiointeractivo.com.mx\/index.php?rest_route=\/wp\/v2\/posts"}],"about":[{"href":"https:\/\/www.radiointeractivo.com.mx\/index.php?rest_route=\/wp\/v2\/types\/post"}],"author":[{"embeddable":true,"href":"https:\/\/www.radiointeractivo.com.mx\/index.php?rest_route=\/wp\/v2\/users\/1"}],"replies":[{"embeddable":true,"href":"https:\/\/www.radiointeractivo.com.mx\/index.php?rest_route=%2Fwp%2Fv2%2Fcomments&post=19879"}],"version-history":[{"count":1,"href":"https:\/\/www.radiointeractivo.com.mx\/index.php?rest_route=\/wp\/v2\/posts\/19879\/revisions"}],"predecessor-version":[{"id":19881,"href":"https:\/\/www.radiointeractivo.com.mx\/index.php?rest_route=\/wp\/v2\/posts\/19879\/revisions\/19881"}],"wp:featuredmedia":[{"embeddable":true,"href":"https:\/\/www.radiointeractivo.com.mx\/index.php?rest_route=\/wp\/v2\/media\/19880"}],"wp:attachment":[{"href":"https:\/\/www.radiointeractivo.com.mx\/index.php?rest_route=%2Fwp%2Fv2%2Fmedia&parent=19879"}],"wp:term":[{"taxonomy":"category","embeddable":true,"href":"https:\/\/www.radiointeractivo.com.mx\/index.php?rest_route=%2Fwp%2Fv2%2Fcategories&post=19879"},{"taxonomy":"post_tag","embeddable":true,"href":"https:\/\/www.radiointeractivo.com.mx\/index.php?rest_route=%2Fwp%2Fv2%2Ftags&post=19879"}],"curies":[{"name":"wp","href":"https:\/\/api.w.org\/{rel}","templated":true}]}}