{"id":19875,"date":"2026-01-15T17:54:10","date_gmt":"2026-01-15T23:54:10","guid":{"rendered":"https:\/\/www.radiointeractivo.com.mx\/?p=19875"},"modified":"2026-01-15T17:54:13","modified_gmt":"2026-01-15T23:54:13","slug":"cedif-2-abre-registro-para-taller-de-danza-folklorica-dirigido-a-adultos","status":"publish","type":"post","link":"https:\/\/www.radiointeractivo.com.mx\/?p=19875","title":{"rendered":"CEDIF 2 abre registro para taller de danza folkl\u00f3rica dirigido a adultos"},"content":{"rendered":"\n<figure class=\"wp-block-image size-large\"><img loading=\"lazy\" decoding=\"async\" width=\"1024\" height=\"684\" src=\"https:\/\/www.radiointeractivo.com.mx\/wp-content\/uploads\/2026\/01\/WhatsApp-Image-2026-01-15-at-2.25.46-PM-1-1024x684.jpeg\" alt=\"\" class=\"wp-image-19876\" srcset=\"https:\/\/www.radiointeractivo.com.mx\/wp-content\/uploads\/2026\/01\/WhatsApp-Image-2026-01-15-at-2.25.46-PM-1-1024x684.jpeg 1024w, https:\/\/www.radiointeractivo.com.mx\/wp-content\/uploads\/2026\/01\/WhatsApp-Image-2026-01-15-at-2.25.46-PM-1-300x200.jpeg 300w, https:\/\/www.radiointeractivo.com.mx\/wp-content\/uploads\/2026\/01\/WhatsApp-Image-2026-01-15-at-2.25.46-PM-1-768x513.jpeg 768w, https:\/\/www.radiointeractivo.com.mx\/wp-content\/uploads\/2026\/01\/WhatsApp-Image-2026-01-15-at-2.25.46-PM-1-1536x1026.jpeg 1536w, https:\/\/www.radiointeractivo.com.mx\/wp-content\/uploads\/2026\/01\/WhatsApp-Image-2026-01-15-at-2.25.46-PM-1.jpeg 1600w\" sizes=\"auto, (max-width: 1024px) 100vw, 1024px\" \/><\/figure>\n\n\n\n<p>Por: Staff | #NuevoLaredo #Laredo #NLD #Tamaulipas<\/p>\n\n\n\n<p>Con el objetivo de fomentar la cultura, el ejercicio y la convivencia social, el Centro para el Desarrollo Integral de la Familia (CEDIF) 2 lanz\u00f3 la convocatoria para su Taller de Danza Folkl\u00f3rica enfocado en personas adultas.<\/p>\n\n\n\n<p>Las inscripciones ya se encuentran disponibles y pueden realizarse de lunes a viernes, en un horario de 9:00 de la ma\u00f1ana a 5:00 de la tarde, directamente en las instalaciones del CEDIF 2, ubicadas en el cruce de las calles Carlos Osuna y Madero Sur, en la colonia Buenos Aires.<\/p>\n\n\n\n<p>La cuota de inscripci\u00f3n es de 50 pesos, mientras que la mensualidad tiene un costo de 100 pesos, lo que convierte a este taller en una opci\u00f3n accesible para quienes desean integrarse a una actividad art\u00edstica y recreativa.<\/p>\n\n\n\n<p>El programa est\u00e1 pensado para adultos que deseen aprender o perfeccionar la danza folkl\u00f3rica, al tiempo que fortalecen su identidad cultural y encuentran un espacio de expresi\u00f3n, actividad f\u00edsica y encuentro comunitario.<\/p>\n","protected":false},"excerpt":{"rendered":"<p>Por: Staff | #NuevoLaredo #Laredo #NLD #Tamaulipas Con el objetivo de fomentar la cultura, el ejercicio y la convivencia social, el Centro para el Desarrollo Integral de la Familia (CEDIF) 2 lanz\u00f3 la convocatoria para su Taller de Danza Folkl\u00f3rica enfocado en personas adultas. Las inscripciones ya se encuentran disponibles y pueden realizarse de lunes &hellip;<\/p>\n","protected":false},"author":1,"featured_media":19876,"comment_status":"open","ping_status":"open","sticky":false,"template":"","format":"standard","meta":{"footnotes":""},"categories":[38],"tags":[],"class_list":["post-19875","post","type-post","status-publish","format-standard","has-post-thumbnail","","category-nuevo-laredo"],"_links":{"self":[{"href":"https:\/\/www.radiointeractivo.com.mx\/index.php?rest_route=\/wp\/v2\/posts\/19875","targetHints":{"allow":["GET"]}}],"collection":[{"href":"https:\/\/www.radiointeractivo.com.mx\/index.php?rest_route=\/wp\/v2\/posts"}],"about":[{"href":"https:\/\/www.radiointeractivo.com.mx\/index.php?rest_route=\/wp\/v2\/types\/post"}],"author":[{"embeddable":true,"href":"https:\/\/www.radiointeractivo.com.mx\/index.php?rest_route=\/wp\/v2\/users\/1"}],"replies":[{"embeddable":true,"href":"https:\/\/www.radiointeractivo.com.mx\/index.php?rest_route=%2Fwp%2Fv2%2Fcomments&post=19875"}],"version-history":[{"count":1,"href":"https:\/\/www.radiointeractivo.com.mx\/index.php?rest_route=\/wp\/v2\/posts\/19875\/revisions"}],"predecessor-version":[{"id":19878,"href":"https:\/\/www.radiointeractivo.com.mx\/index.php?rest_route=\/wp\/v2\/posts\/19875\/revisions\/19878"}],"wp:featuredmedia":[{"embeddable":true,"href":"https:\/\/www.radiointeractivo.com.mx\/index.php?rest_route=\/wp\/v2\/media\/19876"}],"wp:attachment":[{"href":"https:\/\/www.radiointeractivo.com.mx\/index.php?rest_route=%2Fwp%2Fv2%2Fmedia&parent=19875"}],"wp:term":[{"taxonomy":"category","embeddable":true,"href":"https:\/\/www.radiointeractivo.com.mx\/index.php?rest_route=%2Fwp%2Fv2%2Fcategories&post=19875"},{"taxonomy":"post_tag","embeddable":true,"href":"https:\/\/www.radiointeractivo.com.mx\/index.php?rest_route=%2Fwp%2Fv2%2Ftags&post=19875"}],"curies":[{"name":"wp","href":"https:\/\/api.w.org\/{rel}","templated":true}]}}